{"id":891,"date":"2014-02-11T11:18:18","date_gmt":"2014-02-11T15:48:18","guid":{"rendered":"http:\/\/www.cclacascada.com\/carrizal\/?p=891"},"modified":"2014-02-11T11:55:10","modified_gmt":"2014-02-11T16:25:10","slug":"la-pelicula-azul-y-no-tan-rosa-se-lleva-su-premio-goya-y-es-tendencia-en-twitter","status":"publish","type":"post","link":"https:\/\/www.cclacascada.com\/carrizal\/la-pelicula-azul-y-no-tan-rosa-se-lleva-su-premio-goya-y-es-tendencia-en-twitter\/","title":{"rendered":"La pel\u00edcula \u201cAzul y no tan rosa\u201d se lleva su premio Goya y es tendencia en Twitter"},"content":{"rendered":"<p>Con las etiquetas #AZULyNOtanROSA, #OrgulloVenezolano y #Goya2014 el reconocimiento otorgado al filme dirigido por Miguel Ferrari.<\/p>\n<p><img loading=\"lazy\" decoding=\"async\" class=\" wp-image-892 alignnone\" alt=\"carrizal-premio-goya\" src=\"http:\/\/www.cclacascada.com\/carrizal\/wp-content\/uploads\/sites\/2\/2014\/02\/carrizal-premio-goya.jpg\" width=\"240\" height=\"240\" srcset=\"https:\/\/www.cclacascada.com\/carrizal\/wp-content\/uploads\/sites\/2\/2014\/02\/carrizal-premio-goya.jpg 1181w, https:\/\/www.cclacascada.com\/carrizal\/wp-content\/uploads\/sites\/2\/2014\/02\/carrizal-premio-goya-150x150.jpg 150w, https:\/\/www.cclacascada.com\/carrizal\/wp-content\/uploads\/sites\/2\/2014\/02\/carrizal-premio-goya-300x300.jpg 300w, https:\/\/www.cclacascada.com\/carrizal\/wp-content\/uploads\/sites\/2\/2014\/02\/carrizal-premio-goya-1024x1024.jpg 1024w\" sizes=\"auto, (max-width: 240px) 100vw, 240px\" \/><\/p>\n<p>Un verdadero revuelo en las redes sociales ha causado el galard\u00f3n como Mejor Pel\u00edcula Iberoamericana de la Academia de Cine de Espa\u00f1a otorgado a la cinta Azul y no tan rosa.<\/p>\n<p>Con las etiquetas #AZULyNOtanROSA, #OrgulloVenezolano y #Goya2014 el reconocimiento otorgado al filme dirigido por Miguel Ferrari lidera la discusi\u00f3n en Twitter, s\u00f3lo superado por el tema de las protestas estudiantiles en Venezuela.<\/p>\n<p>Desde nuestro Centro Comercial extendemos la felicitaci\u00f3n para tan maravillosa pel\u00edcula.<\/p>\n<p>Publicado por:<a href=\"http:\/\/www.nbg-cica.com\/la-pelicula-azul-y-no-tan-rosa-se-lleva-su-premio-goya-y-es-tendencia-en-twitter\/\">\u00a0http:\/\/www.nbg-cica.com\/la-pelicula-azul-y-no-tan-rosa-se-lleva-su-premio-goya-y-es-tendencia-en-twitter\/\u00a0<\/a><\/p>\n<p>&nbsp;<\/p>\n","protected":false},"excerpt":{"rendered":"<p>Con las etiquetas #AZULyNOtanROSA, #OrgulloVenezolano y #Goya2014 el reconocimiento otorgado al filme dirigido por Miguel Ferrari. Un verdadero revuelo en las redes sociales ha causado el galard\u00f3n como Mejor Pel\u00edcula Iberoamericana de la Academia de Cine de Espa\u00f1a otorgado a la cinta Azul y no tan rosa. Con las etiquetas #AZULyNOtanROSA, #OrgulloVenezolano y #Goya2014 el reconocimiento otorgado al filme dirigido por Miguel Ferrari lidera la discusi\u00f3n en Twitter, s\u00f3lo superado por el tema de las protestas estudiantiles en Venezuela. Desde nuestro Centro Comercial extendemos la felicitaci\u00f3n para tan maravillosa pel\u00edcula. Publicado por:\u00a0http:\/\/www.nbg-cica.com\/la-pelicula-azul-y-no-tan-rosa-se-lleva-su-premio-goya-y-es-tendencia-en-twitter\/\u00a0 &nbsp;<\/p>\n","protected":false},"author":3,"featured_media":0,"comment_status":"open","ping_status":"open","sticky":false,"template":"","format":"standard","meta":{"footnotes":""},"categories":[3],"tags":[79,78,80],"class_list":["post-891","post","type-post","status-publish","format-standard","hentry","category-noticias","tag-goya","tag-pelicula","tag-venezuela"],"_links":{"self":[{"href":"https:\/\/www.cclacascada.com\/carrizal\/wp-json\/wp\/v2\/posts\/891","targetHints":{"allow":["GET"]}}],"collection":[{"href":"https:\/\/www.cclacascada.com\/carrizal\/wp-json\/wp\/v2\/posts"}],"about":[{"href":"https:\/\/www.cclacascada.com\/carrizal\/wp-json\/wp\/v2\/types\/post"}],"author":[{"embeddable":true,"href":"https:\/\/www.cclacascada.com\/carrizal\/wp-json\/wp\/v2\/users\/3"}],"replies":[{"embeddable":true,"href":"https:\/\/www.cclacascada.com\/carrizal\/wp-json\/wp\/v2\/comments?post=891"}],"version-history":[{"count":2,"href":"https:\/\/www.cclacascada.com\/carrizal\/wp-json\/wp\/v2\/posts\/891\/revisions"}],"predecessor-version":[{"id":896,"href":"https:\/\/www.cclacascada.com\/carrizal\/wp-json\/wp\/v2\/posts\/891\/revisions\/896"}],"wp:attachment":[{"href":"https:\/\/www.cclacascada.com\/carrizal\/wp-json\/wp\/v2\/media?parent=891"}],"wp:term":[{"taxonomy":"category","embeddable":true,"href":"https:\/\/www.cclacascada.com\/carrizal\/wp-json\/wp\/v2\/categories?post=891"},{"taxonomy":"post_tag","embeddable":true,"href":"https:\/\/www.cclacascada.com\/carrizal\/wp-json\/wp\/v2\/tags?post=891"}],"curies":[{"name":"wp","href":"https:\/\/api.w.org\/{rel}","templated":true}]}}