{"id":415,"date":"2013-11-21T14:36:00","date_gmt":"2013-11-21T19:06:00","guid":{"rendered":"http:\/\/www.cclacascada.com\/carrizal\/?p=415"},"modified":"2014-01-06T14:52:26","modified_gmt":"2014-01-06T19:22:26","slug":"19o-aniversario-con-amnistia-internacional","status":"publish","type":"post","link":"https:\/\/www.cclacascada.com\/carrizal\/19o-aniversario-con-amnistia-internacional\/","title":{"rendered":"19\u00ba Aniversario Cascada con Amnistia Internacional."},"content":{"rendered":"<p><a href=\"http:\/\/www.cclacascada.com\/carrizal\/wp-content\/uploads\/sites\/2\/2013\/11\/936745_579792302096865_1333416523_n.jpg\" rel=\"lightbox[415]\"><img loading=\"lazy\" decoding=\"async\" class=\"alignnone  wp-image-416\" alt=\"936745_579792302096865_1333416523_n\" src=\"http:\/\/www.cclacascada.com\/carrizal\/wp-content\/uploads\/sites\/2\/2013\/11\/936745_579792302096865_1333416523_n-300x225.jpg\" width=\"300\" height=\"225\" srcset=\"https:\/\/www.cclacascada.com\/carrizal\/wp-content\/uploads\/sites\/2\/2013\/11\/936745_579792302096865_1333416523_n-300x225.jpg 300w, https:\/\/www.cclacascada.com\/carrizal\/wp-content\/uploads\/sites\/2\/2013\/11\/936745_579792302096865_1333416523_n-160x120.jpg 160w, https:\/\/www.cclacascada.com\/carrizal\/wp-content\/uploads\/sites\/2\/2013\/11\/936745_579792302096865_1333416523_n.jpg 600w\" sizes=\"auto, (max-width: 300px) 100vw, 300px\" \/><\/a><\/p>\n<p>En el marco del nuestra semana aniversario Cascada Carrizal, apoyando los derechos humanos junto a Amnist\u00eda Internacional\u00a0decimos #BastadeBalas. Ven y alza tu voz tambi\u00e9n, tenemos diferentes actividades tales\u00a0como:\u00a0Marat\u00f3n de Cartas, Toma tu foto en nuestro corp\u00f3reo y para los mas peque\u00f1os\u00a0globomagia de nustros amigos de Decoraci\u00f3n total, Ven y apoyalos!<\/p>\n<p>&nbsp;<\/p>\n","protected":false},"excerpt":{"rendered":"<p>En el marco del nuestra semana aniversario Cascada Carrizal, apoyando los derechos humanos junto a Amnist\u00eda Internacional\u00a0decimos #BastadeBalas. Ven y alza tu voz tambi\u00e9n, tenemos diferentes actividades tales\u00a0como:\u00a0Marat\u00f3n de Cartas, Toma tu foto en nuestro corp\u00f3reo y para los mas peque\u00f1os\u00a0globomagia de nustros amigos de Decoraci\u00f3n total, Ven y apoyalos! &nbsp;<\/p>\n","protected":false},"author":3,"featured_media":459,"comment_status":"open","ping_status":"open","sticky":false,"template":"","format":"standard","meta":{"footnotes":""},"categories":[2],"tags":[],"class_list":["post-415","post","type-post","status-publish","format-standard","has-post-thumbnail","hentry","category-eventos"],"_links":{"self":[{"href":"https:\/\/www.cclacascada.com\/carrizal\/wp-json\/wp\/v2\/posts\/415","targetHints":{"allow":["GET"]}}],"collection":[{"href":"https:\/\/www.cclacascada.com\/carrizal\/wp-json\/wp\/v2\/posts"}],"about":[{"href":"https:\/\/www.cclacascada.com\/carrizal\/wp-json\/wp\/v2\/types\/post"}],"author":[{"embeddable":true,"href":"https:\/\/www.cclacascada.com\/carrizal\/wp-json\/wp\/v2\/users\/3"}],"replies":[{"embeddable":true,"href":"https:\/\/www.cclacascada.com\/carrizal\/wp-json\/wp\/v2\/comments?post=415"}],"version-history":[{"count":10,"href":"https:\/\/www.cclacascada.com\/carrizal\/wp-json\/wp\/v2\/posts\/415\/revisions"}],"predecessor-version":[{"id":807,"href":"https:\/\/www.cclacascada.com\/carrizal\/wp-json\/wp\/v2\/posts\/415\/revisions\/807"}],"wp:featuredmedia":[{"embeddable":true,"href":"https:\/\/www.cclacascada.com\/carrizal\/wp-json\/wp\/v2\/media\/459"}],"wp:attachment":[{"href":"https:\/\/www.cclacascada.com\/carrizal\/wp-json\/wp\/v2\/media?parent=415"}],"wp:term":[{"taxonomy":"category","embeddable":true,"href":"https:\/\/www.cclacascada.com\/carrizal\/wp-json\/wp\/v2\/categories?post=415"},{"taxonomy":"post_tag","embeddable":true,"href":"https:\/\/www.cclacascada.com\/carrizal\/wp-json\/wp\/v2\/tags?post=415"}],"curies":[{"name":"wp","href":"https:\/\/api.w.org\/{rel}","templated":true}]}}