{"id":2152,"date":"2016-05-09T15:58:12","date_gmt":"2016-05-09T20:28:12","guid":{"rendered":"http:\/\/www.cclacascada.com\/carrizal\/?p=2152"},"modified":"2016-05-09T15:58:12","modified_gmt":"2016-05-09T20:28:12","slug":"la-cascada-celebro-el-dia-de-las-madres","status":"publish","type":"post","link":"https:\/\/www.cclacascada.com\/carrizal\/la-cascada-celebro-el-dia-de-las-madres\/","title":{"rendered":"\u00a1La Cascada celebr\u00f3 el d\u00eda de las madres!"},"content":{"rendered":"<p>Ciudad Comercial La Cascada, celebr\u00f3 desde el viernes 06 hasta el domingo 08 de mayo el d\u00eda conmemorativo a las madres.<!--more--><\/p>\n<p>Comenzando el d\u00eda viernes con\u00a0las actividades para tan importante fecha el centro comercial le regal\u00f3 a todas las mam\u00e1s una caricatura, donde se pudo observar la emoci\u00f3n de ni\u00f1os y grandes, siguiendo con la celebraci\u00f3n el d\u00eda s\u00e1bado para todas las madres se realizaron 3 \u00a0mini talleres de cocina, donde las madres participantes aprendieron como hacer ricos aderezos para ensaladas y as\u00ed compartirlos con todos en casa, y para cerrar con las actividades el domingo 08 RV 102.1 FM \u00a0premi\u00f3 a trav\u00e9s de din\u00e1micas a todas las mam\u00e1s que acced\u00edan a concursar y pasar un rato agradable en las instalaciones del centro comercial.<\/p>\n","protected":false},"excerpt":{"rendered":"<p>Ciudad Comercial La Cascada, celebr\u00f3 desde el viernes 06 hasta el domingo 08 de mayo el d\u00eda conmemorativo a las madres.<\/p>\n","protected":false},"author":1,"featured_media":0,"comment_status":"open","ping_status":"open","sticky":false,"template":"","format":"standard","meta":{"footnotes":""},"categories":[1],"tags":[],"class_list":["post-2152","post","type-post","status-publish","format-standard","hentry","category-sin-categoria"],"_links":{"self":[{"href":"https:\/\/www.cclacascada.com\/carrizal\/wp-json\/wp\/v2\/posts\/2152","targetHints":{"allow":["GET"]}}],"collection":[{"href":"https:\/\/www.cclacascada.com\/carrizal\/wp-json\/wp\/v2\/posts"}],"about":[{"href":"https:\/\/www.cclacascada.com\/carrizal\/wp-json\/wp\/v2\/types\/post"}],"author":[{"embeddable":true,"href":"https:\/\/www.cclacascada.com\/carrizal\/wp-json\/wp\/v2\/users\/1"}],"replies":[{"embeddable":true,"href":"https:\/\/www.cclacascada.com\/carrizal\/wp-json\/wp\/v2\/comments?post=2152"}],"version-history":[{"count":1,"href":"https:\/\/www.cclacascada.com\/carrizal\/wp-json\/wp\/v2\/posts\/2152\/revisions"}],"predecessor-version":[{"id":2153,"href":"https:\/\/www.cclacascada.com\/carrizal\/wp-json\/wp\/v2\/posts\/2152\/revisions\/2153"}],"wp:attachment":[{"href":"https:\/\/www.cclacascada.com\/carrizal\/wp-json\/wp\/v2\/media?parent=2152"}],"wp:term":[{"taxonomy":"category","embeddable":true,"href":"https:\/\/www.cclacascada.com\/carrizal\/wp-json\/wp\/v2\/categories?post=2152"},{"taxonomy":"post_tag","embeddable":true,"href":"https:\/\/www.cclacascada.com\/carrizal\/wp-json\/wp\/v2\/tags?post=2152"}],"curies":[{"name":"wp","href":"https:\/\/api.w.org\/{rel}","templated":true}]}}