{"id":1942,"date":"2016-04-13T10:00:59","date_gmt":"2016-04-13T14:30:59","guid":{"rendered":"http:\/\/www.cclacascada.com\/carrizal\/?p=1942"},"modified":"2016-04-14T17:48:32","modified_gmt":"2016-04-14T22:18:32","slug":"cavececo-nos-eligio-como-centro-comercial-de-la-semana","status":"publish","type":"post","link":"https:\/\/www.cclacascada.com\/carrizal\/cavececo-nos-eligio-como-centro-comercial-de-la-semana\/","title":{"rendered":"CAVECECO nos premi\u00f3"},"content":{"rendered":"<p>La C\u00e1mara Venezolana de Centros Comerciales nos seleccion\u00f3 como Centro Comercial de la semana, del 27 al 31 de julio. Lo que nos llena de orgullo y ganas para seguir ofreci\u00e9ndoles el mejor servicio y calidad de los Altos Mirandinos.<\/p>\n<p><!--more-->Ciudad Comercial La Cascada siempre comprometido a mejorar para todos sus usuarios, buscamos cada d\u00eda mejorar y as\u00ed seguir brindando un excelente entretenimiento, como lo hemos hecho en estas dos d\u00e9cadas.<\/p>\n<p><a href=\"http:\/\/www.cclacascada.com\/carrizal\/wp-content\/uploads\/sites\/2\/2015\/08\/Centro-Comercial-de-la-Semana-aviso.jpg\" rel=\"lightbox[1942]\"><img loading=\"lazy\" decoding=\"async\" class=\"alignnone size-full wp-image-1944\" src=\"http:\/\/www.cclacascada.com\/carrizal\/wp-content\/uploads\/sites\/2\/2015\/08\/Centro-Comercial-de-la-Semana-aviso.jpg\" alt=\"Centro-Comercial-de-la-Semana-(aviso)\" width=\"612\" height=\"792\" srcset=\"https:\/\/www.cclacascada.com\/carrizal\/wp-content\/uploads\/sites\/2\/2015\/08\/Centro-Comercial-de-la-Semana-aviso.jpg 612w, https:\/\/www.cclacascada.com\/carrizal\/wp-content\/uploads\/sites\/2\/2015\/08\/Centro-Comercial-de-la-Semana-aviso-231x300.jpg 231w\" sizes=\"auto, (max-width: 612px) 100vw, 612px\" \/><\/a><\/p>\n","protected":false},"excerpt":{"rendered":"<p>La C\u00e1mara Venezolana de Centros Comerciales nos seleccion\u00f3 como Centro Comercial de la semana, del 27 al 31 de julio. Lo que nos llena de orgullo y ganas para seguir ofreci\u00e9ndoles el mejor servicio y calidad de los Altos Mirandinos.<\/p>\n","protected":false},"author":1,"featured_media":2108,"comment_status":"open","ping_status":"open","sticky":false,"template":"","format":"standard","meta":{"footnotes":""},"categories":[2,3],"tags":[67,103,75,81,175,83,260,92,80],"class_list":["post-1942","post","type-post","status-publish","format-standard","has-post-thumbnail","hentry","category-eventos","category-noticias","tag-cascada","tag-cavececo","tag-centro-comercial","tag-centros-comerciales","tag-familia","tag-noticia","tag-tienda","tag-tiendas","tag-venezuela"],"_links":{"self":[{"href":"https:\/\/www.cclacascada.com\/carrizal\/wp-json\/wp\/v2\/posts\/1942","targetHints":{"allow":["GET"]}}],"collection":[{"href":"https:\/\/www.cclacascada.com\/carrizal\/wp-json\/wp\/v2\/posts"}],"about":[{"href":"https:\/\/www.cclacascada.com\/carrizal\/wp-json\/wp\/v2\/types\/post"}],"author":[{"embeddable":true,"href":"https:\/\/www.cclacascada.com\/carrizal\/wp-json\/wp\/v2\/users\/1"}],"replies":[{"embeddable":true,"href":"https:\/\/www.cclacascada.com\/carrizal\/wp-json\/wp\/v2\/comments?post=1942"}],"version-history":[{"count":6,"href":"https:\/\/www.cclacascada.com\/carrizal\/wp-json\/wp\/v2\/posts\/1942\/revisions"}],"predecessor-version":[{"id":2110,"href":"https:\/\/www.cclacascada.com\/carrizal\/wp-json\/wp\/v2\/posts\/1942\/revisions\/2110"}],"wp:featuredmedia":[{"embeddable":true,"href":"https:\/\/www.cclacascada.com\/carrizal\/wp-json\/wp\/v2\/media\/2108"}],"wp:attachment":[{"href":"https:\/\/www.cclacascada.com\/carrizal\/wp-json\/wp\/v2\/media?parent=1942"}],"wp:term":[{"taxonomy":"category","embeddable":true,"href":"https:\/\/www.cclacascada.com\/carrizal\/wp-json\/wp\/v2\/categories?post=1942"},{"taxonomy":"post_tag","embeddable":true,"href":"https:\/\/www.cclacascada.com\/carrizal\/wp-json\/wp\/v2\/tags?post=1942"}],"curies":[{"name":"wp","href":"https:\/\/api.w.org\/{rel}","templated":true}]}}