{"id":1836,"date":"2015-07-08T13:42:14","date_gmt":"2015-07-08T18:12:14","guid":{"rendered":"http:\/\/www.cclacascada.com\/carrizal\/?p=1836"},"modified":"2015-07-15T14:53:56","modified_gmt":"2015-07-15T19:23:56","slug":"dia-del-nino-2015","status":"publish","type":"post","link":"https:\/\/www.cclacascada.com\/carrizal\/dia-del-nino-2015\/","title":{"rendered":"D\u00eda del Ni\u00f1o 2015"},"content":{"rendered":"<p>Este 19 de julio trae tus ni\u00f1os a La Cascada y disfruta de las diferentes actividades que tendremos para ellos. Spa Primavera recreara un mini Spa para las ni\u00f1as de la casa, donde podr\u00e1n sentirse mimadas. Estaci\u00f3n de manicure y pedicure, peluquer\u00eda, masajes, bistuter\u00edas y muchas cosas mas para que pasen un d\u00eda diferente. Esto sin dejar de lado a los hombrecitos, quienes podr\u00e1n disfrutar de diferentes atraiciones que incluyen mesas de mini futbolito, hochey y varios colchones inflables. <\/p>\n<p>Tambi\u00e9n contaremos con actividades educativas, el instituto de ingl\u00e9s Fyr Lois dar\u00e1 clases demostrativas de este importante idioma. Para aquellos ni\u00f1os que tengas inter\u00e9s en aprender cada d\u00eda mas, as\u00ed como diferentes sorpresas a lo largo del d\u00eda. <\/p>\n<p>Adem\u00e1s de todo esto los amigos de Decoraci\u00f3n Total estar\u00e1n ofreciendo su Globomagia, crearan fantas\u00edas en globos de acuerdo a las peticiones de los ni\u00f1os.<\/p>\n<p>\u00a1Asiste, no te lo puedes perder!<\/p>\n<p><a href=\"http:\/\/www.cclacascada.com\/carrizal\/wp-content\/uploads\/sites\/2\/2015\/07\/Banner-Informativo-Evento-D\u00eda-del-Ni\u00f1o-2015-2.jpg\" rel=\"lightbox[1836]\"><img loading=\"lazy\" decoding=\"async\" src=\"http:\/\/www.cclacascada.com\/carrizal\/wp-content\/uploads\/sites\/2\/2015\/07\/Banner-Informativo-Evento-D\u00eda-del-Ni\u00f1o-2015-2.jpg\" alt=\"Banner-Informativo-Evento-D\u00eda-del-Ni\u00f1o-2015 (2)\" width=\"500\" height=\"500\" class=\"alignnone size-full wp-image-1842\" srcset=\"https:\/\/www.cclacascada.com\/carrizal\/wp-content\/uploads\/sites\/2\/2015\/07\/Banner-Informativo-Evento-D\u00eda-del-Ni\u00f1o-2015-2.jpg 500w, https:\/\/www.cclacascada.com\/carrizal\/wp-content\/uploads\/sites\/2\/2015\/07\/Banner-Informativo-Evento-D\u00eda-del-Ni\u00f1o-2015-2-150x150.jpg 150w, https:\/\/www.cclacascada.com\/carrizal\/wp-content\/uploads\/sites\/2\/2015\/07\/Banner-Informativo-Evento-D\u00eda-del-Ni\u00f1o-2015-2-300x300.jpg 300w\" sizes=\"auto, (max-width: 500px) 100vw, 500px\" \/><\/a><\/p>\n","protected":false},"excerpt":{"rendered":"<p>Este 19 de julio trae tus ni\u00f1os a La Cascada y disfruta de las diferentes actividades que tendremos para ellos. Spa Primavera recreara un mini Spa para las ni\u00f1as de la casa, donde podr\u00e1n sentirse mimadas. Estaci\u00f3n de manicure y pedicure, peluquer\u00eda, masajes, bistuter\u00edas y muchas cosas mas para que pasen un d\u00eda diferente. Esto sin dejar de lado a los hombrecitos, quienes podr\u00e1n disfrutar de diferentes atraiciones que incluyen mesas de mini futbolito, hochey y varios colchones inflables. Tambi\u00e9n contaremos con actividades educativas, el instituto de ingl\u00e9s Fyr Lois dar\u00e1 clases demostrativas de este importante idioma. Para aquellos ni\u00f1os que tengas inter\u00e9s en aprender cada d\u00eda mas, as\u00ed como diferentes sorpresas a lo largo del d\u00eda. Adem\u00e1s de todo esto los amigos de [&hellip;]<\/p>\n","protected":false},"author":1,"featured_media":1861,"comment_status":"open","ping_status":"open","sticky":false,"template":"","format":"standard","meta":{"footnotes":""},"categories":[2],"tags":[67,75,81,55,111,175,66,197],"class_list":["post-1836","post","type-post","status-publish","format-standard","has-post-thumbnail","hentry","category-eventos","tag-cascada","tag-centro-comercial","tag-centros-comerciales","tag-dia-del-nino","tag-diversion","tag-familia","tag-juguetes","tag-ninos"],"_links":{"self":[{"href":"https:\/\/www.cclacascada.com\/carrizal\/wp-json\/wp\/v2\/posts\/1836","targetHints":{"allow":["GET"]}}],"collection":[{"href":"https:\/\/www.cclacascada.com\/carrizal\/wp-json\/wp\/v2\/posts"}],"about":[{"href":"https:\/\/www.cclacascada.com\/carrizal\/wp-json\/wp\/v2\/types\/post"}],"author":[{"embeddable":true,"href":"https:\/\/www.cclacascada.com\/carrizal\/wp-json\/wp\/v2\/users\/1"}],"replies":[{"embeddable":true,"href":"https:\/\/www.cclacascada.com\/carrizal\/wp-json\/wp\/v2\/comments?post=1836"}],"version-history":[{"count":5,"href":"https:\/\/www.cclacascada.com\/carrizal\/wp-json\/wp\/v2\/posts\/1836\/revisions"}],"predecessor-version":[{"id":1862,"href":"https:\/\/www.cclacascada.com\/carrizal\/wp-json\/wp\/v2\/posts\/1836\/revisions\/1862"}],"wp:featuredmedia":[{"embeddable":true,"href":"https:\/\/www.cclacascada.com\/carrizal\/wp-json\/wp\/v2\/media\/1861"}],"wp:attachment":[{"href":"https:\/\/www.cclacascada.com\/carrizal\/wp-json\/wp\/v2\/media?parent=1836"}],"wp:term":[{"taxonomy":"category","embeddable":true,"href":"https:\/\/www.cclacascada.com\/carrizal\/wp-json\/wp\/v2\/categories?post=1836"},{"taxonomy":"post_tag","embeddable":true,"href":"https:\/\/www.cclacascada.com\/carrizal\/wp-json\/wp\/v2\/tags?post=1836"}],"curies":[{"name":"wp","href":"https:\/\/api.w.org\/{rel}","templated":true}]}}