{"id":1821,"date":"2015-06-08T11:25:32","date_gmt":"2015-06-08T15:55:32","guid":{"rendered":"http:\/\/www.cclacascada.com\/carrizal\/?p=1821"},"modified":"2015-06-08T11:25:32","modified_gmt":"2015-06-08T15:55:32","slug":"tendencias-para-este-verano-2015","status":"publish","type":"post","link":"https:\/\/www.cclacascada.com\/carrizal\/tendencias-para-este-verano-2015\/","title":{"rendered":"Tendencias para este verano 2015"},"content":{"rendered":"<p>NUeva temporada, nuevos colores, nuevas prendas\u2026 \u00a1Nos encantan los looks del Verano\/2015! Tom\u00e1 papel y l\u00e1piz.<\/p>\n<p>-Los colores. El ab\u00e1nico es amplio y s\u00faper fresco. Aparecen el celeste y el rosa pastel, tambi\u00e9n el gris que se presenta como el nuevo blanco (luce divino con la piel algo bronceada), un neutro combinable con absolutamente todo. Aprovech\u00e1 todas sus alternativas.<\/p>\n<p>-El estilo. Minimalista al m\u00e1ximo, se imponen l\u00edneas simples y rectas, colores b\u00e1sicos, estampados geom\u00e9tricos y casi sin accesorios. \u00c9ste es uno de los looks que dominar\u00e1 la temporada, perfecto para mujeres modernas, elegantes y despojadas.<\/p>\n<p>-Los estampados. Tropicales selv\u00e1ticos y multiflorales, s\u00faper veraniegos y de colores intensos, perfectos en vestidos, camisas y faldas. Son de f\u00e1cil combinaci\u00f3n y van tanto para d\u00eda como noche.<\/p>\n<p>-Las texturas. \u00a1Metalizadas! Se ver\u00e1n, sobre todo, en el calzado. Los \ufeffplateados\ufeff y dorados ser\u00e1n furor en zapatos y zapatillas deportivas. Mezclalo con otros g\u00e9neros m\u00e1s tranquis, para no producir un exceso de brillo.<\/p>\n<p>Las prendas \u201cit\u201d<\/p>\n<p>-Blazer sin manga. H\u00edper masculino, de corte oversize, combinalo con shorts de denim mezclando informalidad con formalidad, otra tendencia reinante.<\/p>\n<p>-Shorts. Fueron furor en los \u00b490 y luego nuevamente desde 2013. Pero este verano se instalan en nuestro vestidor y se coronan como tendencia. Los pod\u00e9s combinar con todo, desde tacos hasta zapatillas, pasando por blazers, camisas y hasta remeras estampadas.<\/p>\n<p>-Faldas. De cintura extra alta, de largo midi, con mucho vuelo o rectas. Llevalas con un crop top y con tacos altos. \u00a1Vas a tener unas piernas eternas!<\/p>\n<p>Fuente: http:\/\/entremujeres.clarin.com\/<\/p>\n","protected":false},"excerpt":{"rendered":"<p>NUeva temporada, nuevos colores, nuevas prendas\u2026 \u00a1Nos encantan los looks del Verano\/2015! Tom\u00e1 papel y l\u00e1piz. -Los colores. El ab\u00e1nico es amplio y s\u00faper fresco. Aparecen el celeste y el rosa pastel, tambi\u00e9n el gris que se presenta como el nuevo blanco (luce divino con la piel algo bronceada), un neutro combinable con absolutamente todo. Aprovech\u00e1 todas sus alternativas. -El estilo. Minimalista al m\u00e1ximo, se imponen l\u00edneas simples y rectas, colores b\u00e1sicos, estampados geom\u00e9tricos y casi sin accesorios. \u00c9ste es uno de los looks que dominar\u00e1 la temporada, perfecto para mujeres modernas, elegantes y despojadas. -Los estampados. Tropicales selv\u00e1ticos y multiflorales, s\u00faper veraniegos y de colores intensos, perfectos en vestidos, camisas y faldas. Son de f\u00e1cil combinaci\u00f3n y van tanto para d\u00eda como noche. [&hellip;]<\/p>\n","protected":false},"author":1,"featured_media":1822,"comment_status":"open","ping_status":"open","sticky":false,"template":"","format":"standard","meta":{"footnotes":""},"categories":[3],"tags":[67,316,317,138,249,91,89,318,140,260,92,56,315,144],"class_list":["post-1821","post","type-post","status-publish","format-standard","has-post-thumbnail","hentry","category-noticias","tag-cascada","tag-color","tag-faldas","tag-mama","tag-moda","tag-mujer","tag-ropa","tag-shorts","tag-tendencias","tag-tienda","tag-tiendas","tag-vacaciones","tag-verano","tag-zapatos"],"_links":{"self":[{"href":"https:\/\/www.cclacascada.com\/carrizal\/wp-json\/wp\/v2\/posts\/1821","targetHints":{"allow":["GET"]}}],"collection":[{"href":"https:\/\/www.cclacascada.com\/carrizal\/wp-json\/wp\/v2\/posts"}],"about":[{"href":"https:\/\/www.cclacascada.com\/carrizal\/wp-json\/wp\/v2\/types\/post"}],"author":[{"embeddable":true,"href":"https:\/\/www.cclacascada.com\/carrizal\/wp-json\/wp\/v2\/users\/1"}],"replies":[{"embeddable":true,"href":"https:\/\/www.cclacascada.com\/carrizal\/wp-json\/wp\/v2\/comments?post=1821"}],"version-history":[{"count":2,"href":"https:\/\/www.cclacascada.com\/carrizal\/wp-json\/wp\/v2\/posts\/1821\/revisions"}],"predecessor-version":[{"id":1824,"href":"https:\/\/www.cclacascada.com\/carrizal\/wp-json\/wp\/v2\/posts\/1821\/revisions\/1824"}],"wp:featuredmedia":[{"embeddable":true,"href":"https:\/\/www.cclacascada.com\/carrizal\/wp-json\/wp\/v2\/media\/1822"}],"wp:attachment":[{"href":"https:\/\/www.cclacascada.com\/carrizal\/wp-json\/wp\/v2\/media?parent=1821"}],"wp:term":[{"taxonomy":"category","embeddable":true,"href":"https:\/\/www.cclacascada.com\/carrizal\/wp-json\/wp\/v2\/categories?post=1821"},{"taxonomy":"post_tag","embeddable":true,"href":"https:\/\/www.cclacascada.com\/carrizal\/wp-json\/wp\/v2\/tags?post=1821"}],"curies":[{"name":"wp","href":"https:\/\/api.w.org\/{rel}","templated":true}]}}