{"id":1327,"date":"2014-09-22T14:50:09","date_gmt":"2014-09-22T19:20:09","guid":{"rendered":"http:\/\/www.cclacascada.com\/carrizal\/?p=1327"},"modified":"2014-09-30T10:54:52","modified_gmt":"2014-09-30T15:24:52","slug":"apertura-de-migo-hogar","status":"publish","type":"post","link":"https:\/\/www.cclacascada.com\/carrizal\/apertura-de-migo-hogar\/","title":{"rendered":"Apertura de tienda mi&amp;go Hogar"},"content":{"rendered":"<p>En tu Centro Comercial favorito ya abri\u00f3 la tienda mi &amp; go hogar, con lo mejor en productos para el hogar, para el \u00e1rea de tu cocina, ba\u00f1o, dormitorios sala. As\u00ed que si estas remodelando o \u00a0simplemente quieres cambiar las vajillas de tu hogar ven y visitalos. Y si quieres adelantar las compras decembrinas pues acercate y disfruta de los bellos adornos navide\u00f1os. Mi &amp; go est\u00e1 ubicado en el Nivel Techo de tu #Cascadacarrizal.<\/p>\n<p><a href=\"http:\/\/www.cclacascada.com\/carrizal\/wp-content\/uploads\/sites\/2\/2014\/09\/migo-225.jpg\" rel=\"lightbox[1327]\"><img loading=\"lazy\" decoding=\"async\" class=\"alignnone size-full wp-image-1329\" alt=\"migo - 225\" src=\"http:\/\/www.cclacascada.com\/carrizal\/wp-content\/uploads\/sites\/2\/2014\/09\/migo-225.jpg\" width=\"300\" height=\"225\" srcset=\"https:\/\/www.cclacascada.com\/carrizal\/wp-content\/uploads\/sites\/2\/2014\/09\/migo-225.jpg 300w, https:\/\/www.cclacascada.com\/carrizal\/wp-content\/uploads\/sites\/2\/2014\/09\/migo-225-160x120.jpg 160w\" sizes=\"auto, (max-width: 300px) 100vw, 300px\" \/><\/a><\/p>\n","protected":false},"excerpt":{"rendered":"<p>En tu Centro Comercial favorito ya abri\u00f3 la tienda mi &amp; go hogar, con lo mejor en productos para el hogar, para el \u00e1rea de tu cocina, ba\u00f1o, dormitorios sala. As\u00ed que si estas remodelando o \u00a0simplemente quieres cambiar las vajillas de tu hogar ven y visitalos. Y si quieres adelantar las compras decembrinas pues acercate y disfruta de los bellos adornos navide\u00f1os. Mi &amp; go est\u00e1 ubicado en el Nivel Techo de tu #Cascadacarrizal.<\/p>\n","protected":false},"author":3,"featured_media":1330,"comment_status":"open","ping_status":"open","sticky":false,"template":"","format":"standard","meta":{"footnotes":""},"categories":[3],"tags":[261,263,264,260],"class_list":["post-1327","post","type-post","status-publish","format-standard","has-post-thumbnail","hentry","category-noticias","tag-apertura","tag-centro-comercial-la-cascada","tag-indumentaria-de-casa","tag-tienda"],"_links":{"self":[{"href":"https:\/\/www.cclacascada.com\/carrizal\/wp-json\/wp\/v2\/posts\/1327","targetHints":{"allow":["GET"]}}],"collection":[{"href":"https:\/\/www.cclacascada.com\/carrizal\/wp-json\/wp\/v2\/posts"}],"about":[{"href":"https:\/\/www.cclacascada.com\/carrizal\/wp-json\/wp\/v2\/types\/post"}],"author":[{"embeddable":true,"href":"https:\/\/www.cclacascada.com\/carrizal\/wp-json\/wp\/v2\/users\/3"}],"replies":[{"embeddable":true,"href":"https:\/\/www.cclacascada.com\/carrizal\/wp-json\/wp\/v2\/comments?post=1327"}],"version-history":[{"count":4,"href":"https:\/\/www.cclacascada.com\/carrizal\/wp-json\/wp\/v2\/posts\/1327\/revisions"}],"predecessor-version":[{"id":1720,"href":"https:\/\/www.cclacascada.com\/carrizal\/wp-json\/wp\/v2\/posts\/1327\/revisions\/1720"}],"wp:featuredmedia":[{"embeddable":true,"href":"https:\/\/www.cclacascada.com\/carrizal\/wp-json\/wp\/v2\/media\/1330"}],"wp:attachment":[{"href":"https:\/\/www.cclacascada.com\/carrizal\/wp-json\/wp\/v2\/media?parent=1327"}],"wp:term":[{"taxonomy":"category","embeddable":true,"href":"https:\/\/www.cclacascada.com\/carrizal\/wp-json\/wp\/v2\/categories?post=1327"},{"taxonomy":"post_tag","embeddable":true,"href":"https:\/\/www.cclacascada.com\/carrizal\/wp-json\/wp\/v2\/tags?post=1327"}],"curies":[{"name":"wp","href":"https:\/\/api.w.org\/{rel}","templated":true}]}}