{"id":1259,"date":"2014-08-22T09:39:22","date_gmt":"2014-08-22T14:09:22","guid":{"rendered":"http:\/\/www.cclacascada.com\/carrizal\/?p=1259"},"modified":"2014-08-22T09:40:18","modified_gmt":"2014-08-22T14:10:18","slug":"show-de-titeres-en-nuestra-temporada-de-vacaciones","status":"publish","type":"post","link":"https:\/\/www.cclacascada.com\/carrizal\/show-de-titeres-en-nuestra-temporada-de-vacaciones\/","title":{"rendered":"Show de titeres en nuestra Temporada de Vacaciones"},"content":{"rendered":"<p>El d\u00eda de ayer comenzar\u00f3n las actividades de la temporada de vacaciones en tu Centro Comercial favorito, contamos con la presencia de @ovidiorecrearte y su show de t\u00edteres, la presentaci\u00f3n estuvo cargada de mucha diversi\u00f3n, creatividad e uso de la imaginaci\u00f3n de los mas peque\u00f1os de la casa. Y si no pudiste asistir ayer te recordamos que la semana que viene siguen los shows y actividades, recuerda jueves a partir de las 3:00 p.m en Plaza La Pir\u00e1mide de tu #Cascadacarrizal.<\/p>\n<p><a href=\"http:\/\/www.cclacascada.com\/carrizal\/wp-content\/uploads\/sites\/2\/2014\/08\/20140821_162950-red.jpg\" rel=\"lightbox[1259]\"><img loading=\"lazy\" decoding=\"async\" class=\"alignleft size-full wp-image-1261\" alt=\"ovidio-vacaciones-cascada\" src=\"http:\/\/www.cclacascada.com\/carrizal\/wp-content\/uploads\/sites\/2\/2014\/08\/20140821_162950-red.jpg\" width=\"225\" height=\"300\" \/><\/a><\/p>\n<p>&nbsp;<\/p>\n<p>&nbsp;<\/p>\n<p>&nbsp;<\/p>\n<p>&nbsp;<\/p>\n<p>&nbsp;<\/p>\n<p>&nbsp;<\/p>\n<p>&nbsp;<\/p>\n<p>&nbsp;<\/p>\n<p>&nbsp;<\/p>\n<p>&nbsp;<\/p>\n<p>Publicado por: Greilyn Mojica.<\/p>\n","protected":false},"excerpt":{"rendered":"<p>El d\u00eda de ayer comenzar\u00f3n las actividades de la temporada de vacaciones en tu Centro Comercial favorito, contamos con la presencia de @ovidiorecrearte y su show de t\u00edteres, la presentaci\u00f3n estuvo cargada de mucha diversi\u00f3n, creatividad e uso de la imaginaci\u00f3n de los mas peque\u00f1os de la casa. Y si no pudiste asistir ayer te recordamos que la semana que viene siguen los shows y actividades, recuerda jueves a partir de las 3:00 p.m en Plaza La Pir\u00e1mide de tu #Cascadacarrizal. &nbsp; &nbsp; &nbsp; &nbsp; &nbsp; &nbsp; &nbsp; &nbsp; &nbsp; &nbsp; Publicado por: Greilyn Mojica.<\/p>\n","protected":false},"author":3,"featured_media":1260,"comment_status":"open","ping_status":"open","sticky":false,"template":"","format":"standard","meta":{"footnotes":""},"categories":[2],"tags":[75,233,197,232,234,231,235,56],"class_list":["post-1259","post","type-post","status-publish","format-standard","has-post-thumbnail","hentry","category-eventos","tag-centro-comercial","tag-jueves","tag-ninos","tag-recreacion","tag-tarde","tag-temporada-de-vacaciones","tag-titeres","tag-vacaciones"],"_links":{"self":[{"href":"https:\/\/www.cclacascada.com\/carrizal\/wp-json\/wp\/v2\/posts\/1259","targetHints":{"allow":["GET"]}}],"collection":[{"href":"https:\/\/www.cclacascada.com\/carrizal\/wp-json\/wp\/v2\/posts"}],"about":[{"href":"https:\/\/www.cclacascada.com\/carrizal\/wp-json\/wp\/v2\/types\/post"}],"author":[{"embeddable":true,"href":"https:\/\/www.cclacascada.com\/carrizal\/wp-json\/wp\/v2\/users\/3"}],"replies":[{"embeddable":true,"href":"https:\/\/www.cclacascada.com\/carrizal\/wp-json\/wp\/v2\/comments?post=1259"}],"version-history":[{"count":1,"href":"https:\/\/www.cclacascada.com\/carrizal\/wp-json\/wp\/v2\/posts\/1259\/revisions"}],"predecessor-version":[{"id":1262,"href":"https:\/\/www.cclacascada.com\/carrizal\/wp-json\/wp\/v2\/posts\/1259\/revisions\/1262"}],"wp:featuredmedia":[{"embeddable":true,"href":"https:\/\/www.cclacascada.com\/carrizal\/wp-json\/wp\/v2\/media\/1260"}],"wp:attachment":[{"href":"https:\/\/www.cclacascada.com\/carrizal\/wp-json\/wp\/v2\/media?parent=1259"}],"wp:term":[{"taxonomy":"category","embeddable":true,"href":"https:\/\/www.cclacascada.com\/carrizal\/wp-json\/wp\/v2\/categories?post=1259"},{"taxonomy":"post_tag","embeddable":true,"href":"https:\/\/www.cclacascada.com\/carrizal\/wp-json\/wp\/v2\/tags?post=1259"}],"curies":[{"name":"wp","href":"https:\/\/api.w.org\/{rel}","templated":true}]}}