{"id":1226,"date":"2014-08-05T10:33:18","date_gmt":"2014-08-05T15:03:18","guid":{"rendered":"http:\/\/www.cclacascada.com\/carrizal\/?p=1226"},"modified":"2014-08-05T10:36:23","modified_gmt":"2014-08-05T15:06:23","slug":"semana-mundial-de-la-lactancia-materna-tips-para-madres-primerizas","status":"publish","type":"post","link":"https:\/\/www.cclacascada.com\/carrizal\/semana-mundial-de-la-lactancia-materna-tips-para-madres-primerizas\/","title":{"rendered":"Semana Mundial de la Lactancia Materna: tips para madres primerizas"},"content":{"rendered":"<p>La\u00a0lactancia materna tiene\u00a0<a href=\"http:\/\/www2.esmas.com\/salud\/634242\/lactancia-reduce-riesgo-nino-hiperactivo-amamantar-trastorno-deficit-atencion-bebe\/\">efectos positivos<\/a>\u00a0a corto y largo plazo.\u00a0Los beb\u00e9s se ven beneficiados en\u00a0nutrici\u00f3n, sistema inmunol\u00f3gico y psicolog\u00eda.\u00a0Estudios han demostrado que los ni\u00f1os alimentados con la leche materna, por lo menos durante los primeros 6 meses de vida, tienen\u00a0menor riesgo de diarreas, neumon\u00edas, infecciones del o\u00eddo, adem\u00e1s de un crecimiento m\u00e1s adecuado en peso y talla, as\u00ed como un mejor desarrollo psicomotor.\u00a0En la edad adulta tendr\u00e1\u00a0<a href=\"http:\/\/www2.esmas.com\/salud\/nutricion\/652381\/leche-materna-vs-obesidad-infantil\/\">menos problemas nutricionales<\/a>\u00a0y por consecuencia menor incidencia a enfermedades cardiovasculares e hipercolesterolemia.<\/p>\n<p>&nbsp;<\/p>\n<p><strong>Semana Mundial de la Lactancia Materna<\/strong><\/p>\n<p>Por estos y otros beneficios, la\u00a0OMS y la UNICEF promueven que los primeros siete d\u00edas de agosto, el mundo celebre la Semana Mundial de la Lactancia Materna,\u00a0que este a\u00f1o lleva por lema \u00abEn el Siglo XXI amamanta donde sea y cuando sea\u00bb.<\/p>\n<p>Sin embargo, quienes ya han sido madres, saben que, aunque la lactancia es una experiencia natural, no es nada f\u00e1cil enfrentarse por primera vez a ofrecer leche materna al beb\u00e9. Prejuicios, falta de informaci\u00f3n y el nerviosismo de ser madre primeriza son factores en contra. \u00a0He aqu\u00ed algunos tips que seguramente ser\u00e1n de mucha ayuda a las madres primerizas y, por qu\u00e9 no, a una que otra experta.\u00a0Toma nota:<\/p>\n<p>&#8211;\u00a0<strong>Con la pr\u00e1ctica sabr\u00e1s distinguir las necesidades de tu beb\u00e9.<\/strong><\/p>\n<p><strong>&#8211; S\u00e9 persistente y toma mucha agua.<\/strong><\/p>\n<p><strong>&#8211; Compra un tira-leche y aprende a conservarla.<\/strong><\/p>\n<p>Se necesita pr\u00e1ctica para aprender, no te desesperes. Dar leche a tu beb\u00e9 es el mejor regalo que le puedes dar: adem\u00e1s de los beneficios para su salud, le est\u00e1s demostrando que lo amas y eso repercutir\u00e1 en su futuro.<\/p>\n<p>&nbsp;<\/p>\n<p><a href=\"http:\/\/www.cclacascada.com\/carrizal\/wp-content\/uploads\/sites\/2\/2014\/08\/10527774_824294624270221_633862576251366764_n.png\" rel=\"lightbox[1226]\"><img loading=\"lazy\" decoding=\"async\" class=\"alignleft  wp-image-1227\" alt=\"10527774_824294624270221_633862576251366764_n\" src=\"http:\/\/www.cclacascada.com\/carrizal\/wp-content\/uploads\/sites\/2\/2014\/08\/10527774_824294624270221_633862576251366764_n.png\" width=\"300\" height=\"225\" \/><\/a><\/p>\n<p>&nbsp;<\/p>\n<p>&nbsp;<\/p>\n<p>&nbsp;<\/p>\n<p>&nbsp;<\/p>\n<p>&nbsp;<\/p>\n<p>&nbsp;<\/p>\n<p>&nbsp;<\/p>\n<p>&nbsp;<\/p>\n<p>&nbsp;<\/p>\n<p>&nbsp;<\/p>\n<p>Publicado por:\u00a0<a href=\"www2.esmas.com\/\">http:\/\/www2.esmas.com\/<\/a><\/p>\n","protected":false},"excerpt":{"rendered":"<p>La\u00a0lactancia materna tiene\u00a0efectos positivos\u00a0a corto y largo plazo.\u00a0Los beb\u00e9s se ven beneficiados en\u00a0nutrici\u00f3n, sistema inmunol\u00f3gico y psicolog\u00eda.\u00a0Estudios han demostrado que los ni\u00f1os alimentados con la leche materna, por lo menos durante los primeros 6 meses de vida, tienen\u00a0menor riesgo de diarreas, neumon\u00edas, infecciones del o\u00eddo, adem\u00e1s de un crecimiento m\u00e1s adecuado en peso y talla, as\u00ed como un mejor desarrollo psicomotor.\u00a0En la edad adulta tendr\u00e1\u00a0menos problemas nutricionales\u00a0y por consecuencia menor incidencia a enfermedades cardiovasculares e hipercolesterolemia. &nbsp; Semana Mundial de la Lactancia Materna Por estos y otros beneficios, la\u00a0OMS y la UNICEF promueven que los primeros siete d\u00edas de agosto, el mundo celebre la Semana Mundial de la Lactancia Materna,\u00a0que este a\u00f1o lleva por lema \u00abEn el Siglo XXI amamanta donde sea y cuando [&hellip;]<\/p>\n","protected":false},"author":3,"featured_media":1228,"comment_status":"open","ping_status":"open","sticky":false,"template":"","format":"standard","meta":{"footnotes":""},"categories":[3],"tags":[212,211,138,214,210,123,213],"class_list":["post-1226","post","type-post","status-publish","format-standard","has-post-thumbnail","hentry","category-noticias","tag-alimentacion","tag-hijo","tag-mama","tag-maternidad","tag-semana-de-la-lactancia-materna","tag-tips","tag-unicef"],"_links":{"self":[{"href":"https:\/\/www.cclacascada.com\/carrizal\/wp-json\/wp\/v2\/posts\/1226","targetHints":{"allow":["GET"]}}],"collection":[{"href":"https:\/\/www.cclacascada.com\/carrizal\/wp-json\/wp\/v2\/posts"}],"about":[{"href":"https:\/\/www.cclacascada.com\/carrizal\/wp-json\/wp\/v2\/types\/post"}],"author":[{"embeddable":true,"href":"https:\/\/www.cclacascada.com\/carrizal\/wp-json\/wp\/v2\/users\/3"}],"replies":[{"embeddable":true,"href":"https:\/\/www.cclacascada.com\/carrizal\/wp-json\/wp\/v2\/comments?post=1226"}],"version-history":[{"count":2,"href":"https:\/\/www.cclacascada.com\/carrizal\/wp-json\/wp\/v2\/posts\/1226\/revisions"}],"predecessor-version":[{"id":1230,"href":"https:\/\/www.cclacascada.com\/carrizal\/wp-json\/wp\/v2\/posts\/1226\/revisions\/1230"}],"wp:featuredmedia":[{"embeddable":true,"href":"https:\/\/www.cclacascada.com\/carrizal\/wp-json\/wp\/v2\/media\/1228"}],"wp:attachment":[{"href":"https:\/\/www.cclacascada.com\/carrizal\/wp-json\/wp\/v2\/media?parent=1226"}],"wp:term":[{"taxonomy":"category","embeddable":true,"href":"https:\/\/www.cclacascada.com\/carrizal\/wp-json\/wp\/v2\/categories?post=1226"},{"taxonomy":"post_tag","embeddable":true,"href":"https:\/\/www.cclacascada.com\/carrizal\/wp-json\/wp\/v2\/tags?post=1226"}],"curies":[{"name":"wp","href":"https:\/\/api.w.org\/{rel}","templated":true}]}}