{"id":1208,"date":"2014-07-18T16:13:17","date_gmt":"2014-07-18T20:43:17","guid":{"rendered":"http:\/\/www.cclacascada.com\/carrizal\/?p=1208"},"modified":"2014-07-18T16:13:17","modified_gmt":"2014-07-18T20:43:17","slug":"dia-del-nino","status":"publish","type":"post","link":"https:\/\/www.cclacascada.com\/carrizal\/dia-del-nino\/","title":{"rendered":"D\u00eda del Ni\u00f1o"},"content":{"rendered":"<p>El Domingo 20 de Julio no te puedes perder todo lo que tu Centro Comercial trae para ti:<\/p>\n<p>&#8211; Animaci\u00f3n.<\/p>\n<p>&#8211; Shows Musicales de las academias Angelu&#8217;s y Agrupaci\u00f3n Peque\u00f1os Gigantes Club de Gimnasia Renacer.<\/p>\n<p>&#8211; Bailoterapia.<\/p>\n<p>&#8211; Pintacaritas.<\/p>\n<p>&#8211; \u00a0Globomagia.<\/p>\n<p>&#8211; M\u00fasica<\/p>\n<p>&#8211; \u00a0Premios y m\u00e1s.<\/p>\n<p>As\u00ed que te esperamos a partir de la 1:00 p.m en Plaza La Pir\u00e1mide, ya lo sabes este d\u00eda del ni\u00f1o p\u00e1sala junto a tu CC favorito.<\/p>\n<p><a href=\"http:\/\/www.cclacascada.com\/carrizal\/wp-content\/uploads\/sites\/2\/2014\/07\/Banner-Carrizal.jpg\" rel=\"lightbox[1208]\"><img loading=\"lazy\" decoding=\"async\" class=\"alignleft  wp-image-1210\" alt=\"Banner-Carrizal\" src=\"http:\/\/www.cclacascada.com\/carrizal\/wp-content\/uploads\/sites\/2\/2014\/07\/Banner-Carrizal.jpg\" width=\"300\" height=\"225\" srcset=\"https:\/\/www.cclacascada.com\/carrizal\/wp-content\/uploads\/sites\/2\/2014\/07\/Banner-Carrizal-400x300.jpg 400w, https:\/\/www.cclacascada.com\/carrizal\/wp-content\/uploads\/sites\/2\/2014\/07\/Banner-Carrizal-160x120.jpg 160w\" sizes=\"auto, (max-width: 300px) 100vw, 300px\" \/><\/a><\/p>\n","protected":false},"excerpt":{"rendered":"<p>El Domingo 20 de Julio no te puedes perder todo lo que tu Centro Comercial trae para ti: &#8211; Animaci\u00f3n. &#8211; Shows Musicales de las academias Angelu&#8217;s y Agrupaci\u00f3n Peque\u00f1os Gigantes Club de Gimnasia Renacer. &#8211; Bailoterapia. &#8211; Pintacaritas. &#8211; \u00a0Globomagia. &#8211; M\u00fasica &#8211; \u00a0Premios y m\u00e1s. As\u00ed que te esperamos a partir de la 1:00 p.m en Plaza La Pir\u00e1mide, ya lo sabes este d\u00eda del ni\u00f1o p\u00e1sala junto a tu CC favorito.<\/p>\n","protected":false},"author":3,"featured_media":1209,"comment_status":"open","ping_status":"open","sticky":false,"template":"","format":"standard","meta":{"footnotes":""},"categories":[2],"tags":[198,197],"class_list":["post-1208","post","type-post","status-publish","format-standard","has-post-thumbnail","hentry","category-eventos","tag-cc","tag-ninos"],"_links":{"self":[{"href":"https:\/\/www.cclacascada.com\/carrizal\/wp-json\/wp\/v2\/posts\/1208","targetHints":{"allow":["GET"]}}],"collection":[{"href":"https:\/\/www.cclacascada.com\/carrizal\/wp-json\/wp\/v2\/posts"}],"about":[{"href":"https:\/\/www.cclacascada.com\/carrizal\/wp-json\/wp\/v2\/types\/post"}],"author":[{"embeddable":true,"href":"https:\/\/www.cclacascada.com\/carrizal\/wp-json\/wp\/v2\/users\/3"}],"replies":[{"embeddable":true,"href":"https:\/\/www.cclacascada.com\/carrizal\/wp-json\/wp\/v2\/comments?post=1208"}],"version-history":[{"count":1,"href":"https:\/\/www.cclacascada.com\/carrizal\/wp-json\/wp\/v2\/posts\/1208\/revisions"}],"predecessor-version":[{"id":1211,"href":"https:\/\/www.cclacascada.com\/carrizal\/wp-json\/wp\/v2\/posts\/1208\/revisions\/1211"}],"wp:featuredmedia":[{"embeddable":true,"href":"https:\/\/www.cclacascada.com\/carrizal\/wp-json\/wp\/v2\/media\/1209"}],"wp:attachment":[{"href":"https:\/\/www.cclacascada.com\/carrizal\/wp-json\/wp\/v2\/media?parent=1208"}],"wp:term":[{"taxonomy":"category","embeddable":true,"href":"https:\/\/www.cclacascada.com\/carrizal\/wp-json\/wp\/v2\/categories?post=1208"},{"taxonomy":"post_tag","embeddable":true,"href":"https:\/\/www.cclacascada.com\/carrizal\/wp-json\/wp\/v2\/tags?post=1208"}],"curies":[{"name":"wp","href":"https:\/\/api.w.org\/{rel}","templated":true}]}}