{"id":1161,"date":"2014-07-01T16:31:32","date_gmt":"2014-07-01T21:01:32","guid":{"rendered":"http:\/\/www.cclacascada.com\/carrizal\/?p=1161"},"modified":"2014-07-01T16:32:55","modified_gmt":"2014-07-01T21:02:55","slug":"shakira-cantara-en-la-clausura-del-mundial","status":"publish","type":"post","link":"https:\/\/www.cclacascada.com\/carrizal\/shakira-cantara-en-la-clausura-del-mundial\/","title":{"rendered":"Shakira cantar\u00e1 en la clausura del mundial"},"content":{"rendered":"<p>No nos quedaremos sin escuchar el\u00a0<em>La La La<\/em>\u00a0de Shakira. Fuentes cercanas a la cantante confirmaron que la colombiana actuar\u00e1 el pr\u00f3ximo 13 de julio en la ceremonia de clausura del Mundial de F\u00fatbol Brasil 2014 a llevarse a cabo en el estadio Maracan\u00e1 de la ciudad de R\u00edo de Janeiro.<\/p>\n<p>El Dj sueco Avicii y el guitarrista mexicano Santana tambi\u00e9n ser\u00e1n parte del repertorio al interpretar Dar Um Jeito (We Will Find A Way).<\/p>\n<p>Se trata del tercer Mundial en el que Shakira participa. En Alemania 2006 estuvo en la gala de clausura con la canci\u00f3n\u00a0<em>Hips don\u2019t lie<\/em>\u00a0y luego, en Sud\u00e1frica 2010, hizo lo propio con\u00a0<em>Waka Waka.\u00a0<\/em><\/p>\n<p>Aqu\u00ed te dejamos los videos de ambas presentaciones:<\/p>\n<p>Alemania 2006<\/p>\n<p>https:\/\/www.youtube.com\/watch?v=sAEm_tWKau8<\/p>\n<p>Sud\u00e1frica 2010<\/p>\n<p>https:\/\/www.youtube.com\/watch?v=PCTJFfrGoFY<\/p>\n<p>Publicado por:\u00a0<a href=\"http:\/\/http:\/\/erikatipoweb.com\/\">www.erikatipoweb.com\/<\/a><\/p>\n","protected":false},"excerpt":{"rendered":"<p>No nos quedaremos sin escuchar el\u00a0La La La\u00a0de Shakira. Fuentes cercanas a la cantante confirmaron que la colombiana actuar\u00e1 el pr\u00f3ximo 13 de julio en la ceremonia de clausura del Mundial de F\u00fatbol Brasil 2014 a llevarse a cabo en el estadio Maracan\u00e1 de la ciudad de R\u00edo de Janeiro. El Dj sueco Avicii y el guitarrista mexicano Santana tambi\u00e9n ser\u00e1n parte del repertorio al interpretar Dar Um Jeito (We Will Find A Way). Se trata del tercer Mundial en el que Shakira participa. En Alemania 2006 estuvo en la gala de clausura con la canci\u00f3n\u00a0Hips don\u2019t lie\u00a0y luego, en Sud\u00e1frica 2010, hizo lo propio con\u00a0Waka Waka.\u00a0 Aqu\u00ed te dejamos los videos de ambas presentaciones: Alemania 2006 https:\/\/www.youtube.com\/watch?v=sAEm_tWKau8 Sud\u00e1frica 2010 https:\/\/www.youtube.com\/watch?v=PCTJFfrGoFY Publicado por:\u00a0www.erikatipoweb.com\/<\/p>\n","protected":false},"author":3,"featured_media":1106,"comment_status":"open","ping_status":"open","sticky":false,"template":"","format":"standard","meta":{"footnotes":""},"categories":[3],"tags":[189,190,134,166,188],"class_list":["post-1161","post","type-post","status-publish","format-standard","has-post-thumbnail","hentry","category-noticias","tag-clausura","tag-la","tag-mundial","tag-shakira","tag-show"],"_links":{"self":[{"href":"https:\/\/www.cclacascada.com\/carrizal\/wp-json\/wp\/v2\/posts\/1161","targetHints":{"allow":["GET"]}}],"collection":[{"href":"https:\/\/www.cclacascada.com\/carrizal\/wp-json\/wp\/v2\/posts"}],"about":[{"href":"https:\/\/www.cclacascada.com\/carrizal\/wp-json\/wp\/v2\/types\/post"}],"author":[{"embeddable":true,"href":"https:\/\/www.cclacascada.com\/carrizal\/wp-json\/wp\/v2\/users\/3"}],"replies":[{"embeddable":true,"href":"https:\/\/www.cclacascada.com\/carrizal\/wp-json\/wp\/v2\/comments?post=1161"}],"version-history":[{"count":2,"href":"https:\/\/www.cclacascada.com\/carrizal\/wp-json\/wp\/v2\/posts\/1161\/revisions"}],"predecessor-version":[{"id":1163,"href":"https:\/\/www.cclacascada.com\/carrizal\/wp-json\/wp\/v2\/posts\/1161\/revisions\/1163"}],"wp:featuredmedia":[{"embeddable":true,"href":"https:\/\/www.cclacascada.com\/carrizal\/wp-json\/wp\/v2\/media\/1106"}],"wp:attachment":[{"href":"https:\/\/www.cclacascada.com\/carrizal\/wp-json\/wp\/v2\/media?parent=1161"}],"wp:term":[{"taxonomy":"category","embeddable":true,"href":"https:\/\/www.cclacascada.com\/carrizal\/wp-json\/wp\/v2\/categories?post=1161"},{"taxonomy":"post_tag","embeddable":true,"href":"https:\/\/www.cclacascada.com\/carrizal\/wp-json\/wp\/v2\/tags?post=1161"}],"curies":[{"name":"wp","href":"https:\/\/api.w.org\/{rel}","templated":true}]}}