{"id":1111,"date":"2014-05-27T15:51:04","date_gmt":"2014-05-27T20:21:04","guid":{"rendered":"http:\/\/www.cclacascada.com\/carrizal\/?p=1111"},"modified":"2014-05-27T15:51:04","modified_gmt":"2014-05-27T20:21:04","slug":"coca-cola-hace-de-brasil-2014-la-copa-de-todos","status":"publish","type":"post","link":"https:\/\/www.cclacascada.com\/carrizal\/coca-cola-hace-de-brasil-2014-la-copa-de-todos\/","title":{"rendered":"Coca-Cola hace de Brasil 2014 \u201cLa Copa de Todos\u201d"},"content":{"rendered":"<p>La campa\u00f1a global \u201cLa Copa de Todos\u201d se desarrolla en Venezuela desde enero con el Tour del Trofeo de la Copa Mundial y culminar\u00e1 en el partido final, en el que los ganadores de promoci\u00f3n \u201cViaja a Brasil con Coca-Cola\u201d, podr\u00e1n asistir al Estadio Maracan\u00e1 de Rio de Janeiro para conocer en primera fila al nuevo monarca del f\u00fatbol.<\/p>\n<p>Isabel Moya, gerente de mercadeo de Coca-Cola Servicios de Venezuela comenta que se trata del plan global de mercadeo m\u00e1s grande ejecutado por la marca en toda su historia, y precis\u00f3 que en el caso de Venezuela, destinaron 60 % del presupuesto para publicidad en la campa\u00f1a que desarrolla Ogilvy.<\/p>\n<p>La intervenci\u00f3n de Venezuela incluye la presencia de la imagen en el campo de m\u00e1s de 3 mil fan\u00e1ticos criollos que formar\u00e1n parte de la \u201cBandera de Todos\u201d, un collage que se desplegar\u00e1 antes del primer juego del Mundial. En este encuentro tambi\u00e9n estar\u00e1n presentes los integrantes del equipo campe\u00f3n de la Copa Coca-Cola 2014 Venezuela. Adem\u00e1s, otros seis j\u00f3venes ganadores de la promoci\u00f3n \u201cPon tus pies en el campo con Coca-Cola\u201d estar\u00e1n en el terreno como abanderados en el partido Corea \u2013 Argelia de la ronda inicial.<\/p>\n<p>En las semanas previas al torneo se transmitir\u00e1 el comercial \u201cUn Mundo, Un Juego\u201d en canales de se\u00f1al abierta y por cable, adem\u00e1s de la pieza local \u201cHistoria de la Copa de todos\u201d, que \u00a0retrata la historia de Juan Sumonte, \u201cEl Abuelo\u201d,\u00a0 entrenador del Polideportivo La Dolorita, de la parroquia Petare, quien dirige a un grupo de j\u00f3venes talentos y los inspira a usar el poder del f\u00fatbol para superar sus propias dificultades.<\/p>\n<p>En digital, la marca contrat\u00f3 a 12 influenciadores venezolanos que har\u00e1n eco de la campa\u00f1a en redes sociales mediante el hashtag #LaCopaDeTodosVE<\/p>\n<p>https:\/\/www.youtube.com\/watch?v=rP6Og5klM3Y#t=91<\/p>\n<p>Publicado por:\u00a0<a href=\"http:\/\/www.producto.com.ve\/\">www.producto.com.ve<\/a><\/p>\n","protected":false},"excerpt":{"rendered":"<p>La campa\u00f1a global \u201cLa Copa de Todos\u201d se desarrolla en Venezuela desde enero con el Tour del Trofeo de la Copa Mundial y culminar\u00e1 en el partido final, en el que los ganadores de promoci\u00f3n \u201cViaja a Brasil con Coca-Cola\u201d, podr\u00e1n asistir al Estadio Maracan\u00e1 de Rio de Janeiro para conocer en primera fila al nuevo monarca del f\u00fatbol. Isabel Moya, gerente de mercadeo de Coca-Cola Servicios de Venezuela comenta que se trata del plan global de mercadeo m\u00e1s grande ejecutado por la marca en toda su historia, y precis\u00f3 que en el caso de Venezuela, destinaron 60 % del presupuesto para publicidad en la campa\u00f1a que desarrolla Ogilvy. La intervenci\u00f3n de Venezuela incluye la presencia de la imagen en el campo de m\u00e1s [&hellip;]<\/p>\n","protected":false},"author":3,"featured_media":1112,"comment_status":"open","ping_status":"open","sticky":false,"template":"","format":"standard","meta":{"footnotes":""},"categories":[3],"tags":[158,171,167,170,134,74],"class_list":["post-1111","post","type-post","status-publish","format-standard","has-post-thumbnail","hentry","category-noticias","tag-brasil-2014","tag-coca-cola","tag-futbol","tag-la-copa-de-todos","tag-mundial","tag-publicidad"],"_links":{"self":[{"href":"https:\/\/www.cclacascada.com\/carrizal\/wp-json\/wp\/v2\/posts\/1111","targetHints":{"allow":["GET"]}}],"collection":[{"href":"https:\/\/www.cclacascada.com\/carrizal\/wp-json\/wp\/v2\/posts"}],"about":[{"href":"https:\/\/www.cclacascada.com\/carrizal\/wp-json\/wp\/v2\/types\/post"}],"author":[{"embeddable":true,"href":"https:\/\/www.cclacascada.com\/carrizal\/wp-json\/wp\/v2\/users\/3"}],"replies":[{"embeddable":true,"href":"https:\/\/www.cclacascada.com\/carrizal\/wp-json\/wp\/v2\/comments?post=1111"}],"version-history":[{"count":1,"href":"https:\/\/www.cclacascada.com\/carrizal\/wp-json\/wp\/v2\/posts\/1111\/revisions"}],"predecessor-version":[{"id":1113,"href":"https:\/\/www.cclacascada.com\/carrizal\/wp-json\/wp\/v2\/posts\/1111\/revisions\/1113"}],"wp:featuredmedia":[{"embeddable":true,"href":"https:\/\/www.cclacascada.com\/carrizal\/wp-json\/wp\/v2\/media\/1112"}],"wp:attachment":[{"href":"https:\/\/www.cclacascada.com\/carrizal\/wp-json\/wp\/v2\/media?parent=1111"}],"wp:term":[{"taxonomy":"category","embeddable":true,"href":"https:\/\/www.cclacascada.com\/carrizal\/wp-json\/wp\/v2\/categories?post=1111"},{"taxonomy":"post_tag","embeddable":true,"href":"https:\/\/www.cclacascada.com\/carrizal\/wp-json\/wp\/v2\/tags?post=1111"}],"curies":[{"name":"wp","href":"https:\/\/api.w.org\/{rel}","templated":true}]}}