{"id":1108,"date":"2014-05-23T09:47:44","date_gmt":"2014-05-23T14:17:44","guid":{"rendered":"http:\/\/www.cclacascada.com\/carrizal\/?p=1108"},"modified":"2014-05-23T09:48:13","modified_gmt":"2014-05-23T14:18:13","slug":"maduro-firma-ley-de-arrendamiento-inmobiliario-para-uso-comercial","status":"publish","type":"post","link":"https:\/\/www.cclacascada.com\/carrizal\/maduro-firma-ley-de-arrendamiento-inmobiliario-para-uso-comercial\/","title":{"rendered":"Maduro firma Ley de Arrendamiento Inmobiliario para Uso Comercial"},"content":{"rendered":"<p>Desde el estado Apure, el presidente de la Rep\u00fablica, Nicol\u00e1s Maduro, anunci\u00f3 la aprobaci\u00f3n \u2014v\u00eda Habilitante\u2014 de la Ley Habilitante para la Regulaci\u00f3n del Sistema de Arrendamiento Inmobiliario para el Uso Comercial. El jefe del Estado firm\u00f3 la ley, que saldr\u00e1 publicada ma\u00f1ana en Gaceta Oficial, y dijo que su objetivo es \u201cacabar con la especulaci\u00f3n en el cobro de arriendos de los comercios, sobre todo en los principales centros comerciales del pa\u00eds\u201d.<\/p>\n<p>El mandatario asegur\u00f3 que se trataba de una ley \u201cequilibrada, justa (\u2026), que viene a proteger a los que trabajan, que viene a darles condiciones de trabajo justo a no s\u00e9 cu\u00e1ntos miles de personas que trabajan en peque\u00f1os comercios, medianos comercios\u201d. Recalc\u00f3: \u201cCon esta ley van a tener la tranquilidad de tener su acceso a un local de trabajo, a pagarlo en un precio justo y a producir para mantener a su familia y, adem\u00e1s, para tener precios justos para el pueblo\u201d.<\/p>\n<p>El ministro de Vivienda y H\u00e1bitat, Ricardo Molina, sostuvo que la nueva ley era resultado de un trabajo de an\u00e1lisis \u201cde la situaci\u00f3n real que nosotros detectamos en la primera fase de la ofensiva econ\u00f3mica, cuando se detect\u00f3 una pr\u00e1ctica abusiva en muchos espacios para explotar a quienes realizan actividades comerciales en locales alquilados\u201d.<\/p>\n<p>Molina explic\u00f3 que en la nueva ley se establec\u00eda el procedimiento para la relaci\u00f3n \u201ccondominial\u201d: \u201cAntes de esta ley, eran los propietarios quienes pon\u00edan las reglas de juego para el funcionamiento de las \u00e1reas comunes, los costos de los mantenimientos. De ahora en adelante se crea una junta administradora paritaria entre propietarios e inquilinos, que se deben poner de acuerdo en un precios justo para el mantenimiento de las \u00e1reas comunes, y que esto no tenga una incidencia abusiva en los precios finales de venta a los consumidores\u201d.<\/p>\n<p><a href=\"http:\/\/www.cclacascada.com\/maturin\/wp-content\/uploads\/sites\/3\/2014\/05\/CC-660x330.jpg\" rel=\"lightbox[1108]\"><img loading=\"lazy\" decoding=\"async\" alt=\"CC-660x330\" src=\"http:\/\/www.cclacascada.com\/maturin\/wp-content\/uploads\/sites\/3\/2014\/05\/CC-660x330.jpg\" width=\"300\" height=\"225\" \/><\/a><\/p>\n<p>Publicado por:<a href=\"http:\/\/camarainmobiliaria.org.ve\/\">\u00a0www.camarainmobiliaria.org.ve<\/a><\/p>\n<p>&nbsp;<\/p>\n","protected":false},"excerpt":{"rendered":"<p>Desde el estado Apure, el presidente de la Rep\u00fablica, Nicol\u00e1s Maduro, anunci\u00f3 la aprobaci\u00f3n \u2014v\u00eda Habilitante\u2014 de la Ley Habilitante para la Regulaci\u00f3n del Sistema de Arrendamiento Inmobiliario para el Uso Comercial. El jefe del Estado firm\u00f3 la ley, que saldr\u00e1 publicada ma\u00f1ana en Gaceta Oficial, y dijo que su objetivo es \u201cacabar con la especulaci\u00f3n en el cobro de arriendos de los comercios, sobre todo en los principales centros comerciales del pa\u00eds\u201d. El mandatario asegur\u00f3 que se trataba de una ley \u201cequilibrada, justa (\u2026), que viene a proteger a los que trabajan, que viene a darles condiciones de trabajo justo a no s\u00e9 cu\u00e1ntos miles de personas que trabajan en peque\u00f1os comercios, medianos comercios\u201d. Recalc\u00f3: \u201cCon esta ley van a tener la tranquilidad [&hellip;]<\/p>\n","protected":false},"author":3,"featured_media":1083,"comment_status":"open","ping_status":"open","sticky":false,"template":"","format":"standard","meta":{"footnotes":""},"categories":[3],"tags":[169,81,105,155,168,83],"class_list":["post-1108","post","type-post","status-publish","format-standard","has-post-thumbnail","hentry","category-noticias","tag-alquileres","tag-centros-comerciales","tag-decreto-602","tag-ley-de-centro-comerciales","tag-ley-habilitante","tag-noticia"],"_links":{"self":[{"href":"https:\/\/www.cclacascada.com\/carrizal\/wp-json\/wp\/v2\/posts\/1108","targetHints":{"allow":["GET"]}}],"collection":[{"href":"https:\/\/www.cclacascada.com\/carrizal\/wp-json\/wp\/v2\/posts"}],"about":[{"href":"https:\/\/www.cclacascada.com\/carrizal\/wp-json\/wp\/v2\/types\/post"}],"author":[{"embeddable":true,"href":"https:\/\/www.cclacascada.com\/carrizal\/wp-json\/wp\/v2\/users\/3"}],"replies":[{"embeddable":true,"href":"https:\/\/www.cclacascada.com\/carrizal\/wp-json\/wp\/v2\/comments?post=1108"}],"version-history":[{"count":2,"href":"https:\/\/www.cclacascada.com\/carrizal\/wp-json\/wp\/v2\/posts\/1108\/revisions"}],"predecessor-version":[{"id":1110,"href":"https:\/\/www.cclacascada.com\/carrizal\/wp-json\/wp\/v2\/posts\/1108\/revisions\/1110"}],"wp:featuredmedia":[{"embeddable":true,"href":"https:\/\/www.cclacascada.com\/carrizal\/wp-json\/wp\/v2\/media\/1083"}],"wp:attachment":[{"href":"https:\/\/www.cclacascada.com\/carrizal\/wp-json\/wp\/v2\/media?parent=1108"}],"wp:term":[{"taxonomy":"category","embeddable":true,"href":"https:\/\/www.cclacascada.com\/carrizal\/wp-json\/wp\/v2\/categories?post=1108"},{"taxonomy":"post_tag","embeddable":true,"href":"https:\/\/www.cclacascada.com\/carrizal\/wp-json\/wp\/v2\/tags?post=1108"}],"curies":[{"name":"wp","href":"https:\/\/api.w.org\/{rel}","templated":true}]}}