{"id":1105,"date":"2014-05-22T15:03:25","date_gmt":"2014-05-22T19:33:25","guid":{"rendered":"http:\/\/www.cclacascada.com\/carrizal\/?p=1105"},"modified":"2014-05-22T15:03:25","modified_gmt":"2014-05-22T19:33:25","slug":"la-la-la-nuevo-video-de-shakira-para-el-mundial","status":"publish","type":"post","link":"https:\/\/www.cclacascada.com\/carrizal\/la-la-la-nuevo-video-de-shakira-para-el-mundial\/","title":{"rendered":"\u201cLA LA LA\u201d, NUEVO VIDEO DE SHAKIRA PARA EL MUNDIAL"},"content":{"rendered":"<p>Y mientras seguimos esperando la inaguraci\u00f3n del mundial de f\u00fatbol Brasil 2014 el nuevo v\u00eddeo de Shakira para el mundial te dejamos para el mundial.\u00a0Despu\u00e9s de que presentara una primera versi\u00f3n del videoclip de \u2018La La La\u2019, Shakira estrena el v\u00eddeo de la canci\u00f3n que ha creado para el Mundial de Brasil 2014.<\/p>\n<p>Como ya hiciese hace cuatro a\u00f1os con el \u201cWaka Waka\u201d, Shakira pone ritmo al campeonato futbol\u00edstico m\u00e1s importante y aunque no es la canci\u00f3n oficial, ha sido publicada tanto en castellano como en ingl\u00e9s y en ella ha participado el brasile\u00f1o Carlinhos Brown. La parte m\u00e1s tierna del v\u00eddeo es la aparici\u00f3n del peque\u00f1o Mil\u00e1n jugando con un bal\u00f3n.<\/p>\n<p>Piqu\u00e9, Messi, Neymar y Cesc F\u00e0bregas \u00a0son algunos de los rostros del f\u00fatbol que han participado, adem\u00e1s, Falcao, Sergio Aguero y Abidal que no perdieron oportunidad de aparecer en el v\u00eddeo de la colombiana.<\/p>\n<p><iframe loading=\"lazy\" title=\"Shakira - La La La (Brazil 2014) ft. Carlinhos Brown\" width=\"500\" height=\"281\" src=\"https:\/\/www.youtube.com\/embed\/7-7knsP2n5w?feature=oembed\" frameborder=\"0\" allow=\"accelerometer; autoplay; clipboard-write; encrypted-media; gyroscope; picture-in-picture; web-share\" referrerpolicy=\"strict-origin-when-cross-origin\" allowfullscreen><\/iframe><\/p>\n<p>Publicado por: <a href=\"www.erikatipoweb.com\">www.erikatipoweb.com<\/a><\/p>\n<p>&nbsp;<\/p>\n","protected":false},"excerpt":{"rendered":"<p>Y mientras seguimos esperando la inaguraci\u00f3n del mundial de f\u00fatbol Brasil 2014 el nuevo v\u00eddeo de Shakira para el mundial te dejamos para el mundial.\u00a0Despu\u00e9s de que presentara una primera versi\u00f3n del videoclip de \u2018La La La\u2019, Shakira estrena el v\u00eddeo de la canci\u00f3n que ha creado para el Mundial de Brasil 2014. Como ya hiciese hace cuatro a\u00f1os con el \u201cWaka Waka\u201d, Shakira pone ritmo al campeonato futbol\u00edstico m\u00e1s importante y aunque no es la canci\u00f3n oficial, ha sido publicada tanto en castellano como en ingl\u00e9s y en ella ha participado el brasile\u00f1o Carlinhos Brown. La parte m\u00e1s tierna del v\u00eddeo es la aparici\u00f3n del peque\u00f1o Mil\u00e1n jugando con un bal\u00f3n. Piqu\u00e9, Messi, Neymar y Cesc F\u00e0bregas \u00a0son algunos de los rostros del [&hellip;]<\/p>\n","protected":false},"author":3,"featured_media":1106,"comment_status":"open","ping_status":"open","sticky":false,"template":"","format":"standard","meta":{"footnotes":""},"categories":[3],"tags":[158,165,167,134,166],"class_list":["post-1105","post","type-post","status-publish","format-standard","has-post-thumbnail","hentry","category-noticias","tag-brasil-2014","tag-cancion","tag-futbol","tag-mundial","tag-shakira"],"_links":{"self":[{"href":"https:\/\/www.cclacascada.com\/carrizal\/wp-json\/wp\/v2\/posts\/1105","targetHints":{"allow":["GET"]}}],"collection":[{"href":"https:\/\/www.cclacascada.com\/carrizal\/wp-json\/wp\/v2\/posts"}],"about":[{"href":"https:\/\/www.cclacascada.com\/carrizal\/wp-json\/wp\/v2\/types\/post"}],"author":[{"embeddable":true,"href":"https:\/\/www.cclacascada.com\/carrizal\/wp-json\/wp\/v2\/users\/3"}],"replies":[{"embeddable":true,"href":"https:\/\/www.cclacascada.com\/carrizal\/wp-json\/wp\/v2\/comments?post=1105"}],"version-history":[{"count":1,"href":"https:\/\/www.cclacascada.com\/carrizal\/wp-json\/wp\/v2\/posts\/1105\/revisions"}],"predecessor-version":[{"id":1107,"href":"https:\/\/www.cclacascada.com\/carrizal\/wp-json\/wp\/v2\/posts\/1105\/revisions\/1107"}],"wp:featuredmedia":[{"embeddable":true,"href":"https:\/\/www.cclacascada.com\/carrizal\/wp-json\/wp\/v2\/media\/1106"}],"wp:attachment":[{"href":"https:\/\/www.cclacascada.com\/carrizal\/wp-json\/wp\/v2\/media?parent=1105"}],"wp:term":[{"taxonomy":"category","embeddable":true,"href":"https:\/\/www.cclacascada.com\/carrizal\/wp-json\/wp\/v2\/categories?post=1105"},{"taxonomy":"post_tag","embeddable":true,"href":"https:\/\/www.cclacascada.com\/carrizal\/wp-json\/wp\/v2\/tags?post=1105"}],"curies":[{"name":"wp","href":"https:\/\/api.w.org\/{rel}","templated":true}]}}