{"id":1091,"date":"2014-05-14T15:16:30","date_gmt":"2014-05-14T19:46:30","guid":{"rendered":"http:\/\/www.cclacascada.com\/carrizal\/?p=1091"},"modified":"2014-05-14T15:16:30","modified_gmt":"2014-05-14T19:46:30","slug":"cavececo-pide-al-gobierno-celeridad-en-la-publicacion-de-la-nueva-ley","status":"publish","type":"post","link":"https:\/\/www.cclacascada.com\/carrizal\/cavececo-pide-al-gobierno-celeridad-en-la-publicacion-de-la-nueva-ley\/","title":{"rendered":"Cavececo pide al Gobierno celeridad en la publicaci\u00f3n de la nueva ley"},"content":{"rendered":"<p>La C\u00e1mara venezolana de Centros comerciales, comerciantes y afines (Cavececo), present\u00f3 un comunicado para informar sobre los importantes \u201cacuerdos conciliatorios\u201d alcanzados en el di\u00e1logo Econ\u00f3mico con el Gobierno Nacional.<\/p>\n<p>La C\u00e1mara ha puntualizado que a\u00fan no ha sido publicada la ley que sustituir\u00e1 \u201cal decreto transitorio y comenzar\u00e1 a regular la actividad del sector, con la amplitud necesaria y definitiva\u201d.<\/p>\n<p>Recordaron que los acuerdos con el Ministerio de Vivienda fueron alcanzados hace un mes.<\/p>\n<p>Cavececo inform\u00f3 que existen rumores que se\u00f1alan \u201ccambios sustanciales a los logros que tanto esfuerzo demandaron entre las partes\u201d durante las reuniones.<\/p>\n<p>El organismo fue enf\u00e1tico al rechazar los rumores y reiteraron su compromiso con el di\u00e1logo econ\u00f3mico y con los Acuerdos Conciliatorios alcanzados.<\/p>\n<p>A trav\u00e9s del texto, dejaron constancia \u201cde la seriedad y profesionalismo exhibidos durante las reuniones entre el equipo del Ministerio de Vivienda, instituci\u00f3n encargada del desarrollo de la nueva regulaci\u00f3n para el sector, y Cavececo, como representante de sus centros comerciales y comerciantes afiliados; adem\u00e1s de la participaci\u00f3n de la C\u00e1mara Inmobiliaria, propietarios e inquilinos\u201d.<\/p>\n<p>\u201cTenemos la certeza que la implementaci\u00f3n de estas soluciones minimizar\u00e1n los desajustes que el decreto transitorio 602 ha ocasionado desde su entrada en vigencia en noviembre pasado, el cual coloc\u00f3 a nuestros afiliados a las puertas de la inviabilidad operativa, amenazando as\u00ed los casi 600.000 puestos de trabajo que dependen de esta actividad\u201d, se\u00f1al\u00f3 Cavececo en el texto.<\/p>\n<p>Si deseas leer el comunicado te dejamos el link:\u00a0<a href=\"http:\/\/www.cavececo.org\/index.php\/2014\/05\/comunicado-4\/\">http:\/\/www.cavececo.org\/index.php\/2014\/05\/comunicado-4\/<\/a><\/p>\n<p><a href=\"http:\/\/www.cclacascada.com\/carrizal\/wp-content\/uploads\/sites\/2\/2014\/05\/comerciales-Foto-Alexandra-Blanco-Archivo_NACIMA20140402_0184_6.jpg\" rel=\"lightbox[1091]\"><img loading=\"lazy\" decoding=\"async\" class=\"alignleft size-full wp-image-1093\" alt=\"comerciales-Foto-Alexandra-Blanco-Archivo_NACIMA20140402_0184_6\" src=\"http:\/\/www.cclacascada.com\/carrizal\/wp-content\/uploads\/sites\/2\/2014\/05\/comerciales-Foto-Alexandra-Blanco-Archivo_NACIMA20140402_0184_6.jpg\" width=\"300\" height=\"225\" srcset=\"https:\/\/www.cclacascada.com\/carrizal\/wp-content\/uploads\/sites\/2\/2014\/05\/comerciales-Foto-Alexandra-Blanco-Archivo_NACIMA20140402_0184_6.jpg 300w, https:\/\/www.cclacascada.com\/carrizal\/wp-content\/uploads\/sites\/2\/2014\/05\/comerciales-Foto-Alexandra-Blanco-Archivo_NACIMA20140402_0184_6-160x120.jpg 160w\" sizes=\"auto, (max-width: 300px) 100vw, 300px\" \/><\/a><\/p>\n<p>&nbsp;<\/p>\n<p>&nbsp;<\/p>\n<p>&nbsp;<\/p>\n<p>&nbsp;<\/p>\n<p>&nbsp;<\/p>\n<p>&nbsp;<\/p>\n<p>&nbsp;<\/p>\n<p>Publicado por:\u00a0http:\u00a0<a href=\"http:\/\/www.el-nacional.com\/\">www.el-nacional.com<\/a><\/p>\n<p>&nbsp;<\/p>\n<p>&nbsp;<\/p>\n","protected":false},"excerpt":{"rendered":"<p>La C\u00e1mara venezolana de Centros comerciales, comerciantes y afines (Cavececo), present\u00f3 un comunicado para informar sobre los importantes \u201cacuerdos conciliatorios\u201d alcanzados en el di\u00e1logo Econ\u00f3mico con el Gobierno Nacional. La C\u00e1mara ha puntualizado que a\u00fan no ha sido publicada la ley que sustituir\u00e1 \u201cal decreto transitorio y comenzar\u00e1 a regular la actividad del sector, con la amplitud necesaria y definitiva\u201d. Recordaron que los acuerdos con el Ministerio de Vivienda fueron alcanzados hace un mes. Cavececo inform\u00f3 que existen rumores que se\u00f1alan \u201ccambios sustanciales a los logros que tanto esfuerzo demandaron entre las partes\u201d durante las reuniones. El organismo fue enf\u00e1tico al rechazar los rumores y reiteraron su compromiso con el di\u00e1logo econ\u00f3mico y con los Acuerdos Conciliatorios alcanzados. A trav\u00e9s del texto, dejaron constancia [&hellip;]<\/p>\n","protected":false},"author":3,"featured_media":1092,"comment_status":"open","ping_status":"open","sticky":false,"template":"","format":"standard","meta":{"footnotes":""},"categories":[3],"tags":[103,154,105,155],"class_list":["post-1091","post","type-post","status-publish","format-standard","has-post-thumbnail","hentry","category-noticias","tag-cavececo","tag-comunicado-centro-comerciales","tag-decreto-602","tag-ley-de-centro-comerciales"],"_links":{"self":[{"href":"https:\/\/www.cclacascada.com\/carrizal\/wp-json\/wp\/v2\/posts\/1091","targetHints":{"allow":["GET"]}}],"collection":[{"href":"https:\/\/www.cclacascada.com\/carrizal\/wp-json\/wp\/v2\/posts"}],"about":[{"href":"https:\/\/www.cclacascada.com\/carrizal\/wp-json\/wp\/v2\/types\/post"}],"author":[{"embeddable":true,"href":"https:\/\/www.cclacascada.com\/carrizal\/wp-json\/wp\/v2\/users\/3"}],"replies":[{"embeddable":true,"href":"https:\/\/www.cclacascada.com\/carrizal\/wp-json\/wp\/v2\/comments?post=1091"}],"version-history":[{"count":1,"href":"https:\/\/www.cclacascada.com\/carrizal\/wp-json\/wp\/v2\/posts\/1091\/revisions"}],"predecessor-version":[{"id":1094,"href":"https:\/\/www.cclacascada.com\/carrizal\/wp-json\/wp\/v2\/posts\/1091\/revisions\/1094"}],"wp:featuredmedia":[{"embeddable":true,"href":"https:\/\/www.cclacascada.com\/carrizal\/wp-json\/wp\/v2\/media\/1092"}],"wp:attachment":[{"href":"https:\/\/www.cclacascada.com\/carrizal\/wp-json\/wp\/v2\/media?parent=1091"}],"wp:term":[{"taxonomy":"category","embeddable":true,"href":"https:\/\/www.cclacascada.com\/carrizal\/wp-json\/wp\/v2\/categories?post=1091"},{"taxonomy":"post_tag","embeddable":true,"href":"https:\/\/www.cclacascada.com\/carrizal\/wp-json\/wp\/v2\/tags?post=1091"}],"curies":[{"name":"wp","href":"https:\/\/api.w.org\/{rel}","templated":true}]}}