{"id":1081,"date":"2014-05-05T15:56:01","date_gmt":"2014-05-05T20:26:01","guid":{"rendered":"http:\/\/www.cclacascada.com\/carrizal\/?p=1081"},"modified":"2014-05-05T15:56:01","modified_gmt":"2014-05-05T20:26:01","slug":"ya-es-casi-un-hecho-la-ley-de-arrendamiento-de-locales-en-centros-comerciales","status":"publish","type":"post","link":"https:\/\/www.cclacascada.com\/carrizal\/ya-es-casi-un-hecho-la-ley-de-arrendamiento-de-locales-en-centros-comerciales\/","title":{"rendered":"Ya es casi un hecho la Ley de Arrendamiento de locales en Centros Comerciales."},"content":{"rendered":"<p>El ministro para la Vivienda y H\u00e1bitat, Ricardo Molina, entreg\u00f3 al presidente de la Rep\u00fablica, Nicol\u00e1s Maduro, la propuesta de Ley de Arrendamiento de Locales Comerciales, a la espera de ser aprobada por el jefe de Estado para ser promulgada por medio de Ley Habilitante.<\/p>\n<p>\u201cHemos llegado a un acuerdo con los sectores de centros comerciales, una Ley Justa para el Regulaci\u00f3n y Control del Arrendamiento Inmobiliario para el uso comercial de Servicio y Afines\u201d, resalt\u00f3 el mandatario, citado por la Agencia Venezolana de Noticias (AVN).<\/p>\n<p>La semana pasada el Gobierno, los propietarios de centros comerciales y los comercios que alquilan locales trabajan en tres opciones que, seg\u00fan dijo el ministro Molina estar\u00e1n discuti\u00e9ndose para muy pronto dar soluci\u00f3n al problema que se ha planteado luego de la implementaci\u00f3n de un canon de arrendamiento \u00fanico.<\/p>\n<p>Seg\u00fan precis\u00f3 el funcionario, en un encuentro entre empresarios y ministros, incluido el Presidente de la Rep\u00fablica, en el texto se proponen tres posibilidades metodol\u00f3gicas para determinar los c\u00e1nones de arrendamiento: la primera plantea un canon de arrendamiento fijo, la segunda propone ajustarlo a los porcentajes de ganancia de los propietarios de locales comerciales y una tercera posibilidad ser\u00eda la combinaci\u00f3n de ambas.<\/p>\n<p>Detall\u00f3 Molina, citado por la Agencia Venezolana de Noticias (AVN), que el Gobierno acord\u00f3 con propietarios y arrendatarios de centros comerciales una propuesta para fijar los costos de arrendamientos de locales comerciales que ser\u00e1 presentada al Presidente de la Rep\u00fablica para su evaluaci\u00f3n y posible aprobaci\u00f3n, inform\u00f3.<\/p>\n<p>\u201cEl texto de esta propuesta es la muestra de que se pueden llegar a acuerdos conjuntos, sabiendo que en Venezuela vamos camino a la construcci\u00f3n de una patria socialista\u201d, resalt\u00f3.<\/p>\n<p>Asimismo el ministro destac\u00f3 que en las mesas de trabajo con el sector de los centros comerciales \u201chemos estado buscando ceder en las visiones de parte y parte, en principios las discusiones fueron conceptuales pero luego de superados los conceptos llegamos a acuerdos\u201d.<\/p>\n<p><a href=\"http:\/\/www.cclacascada.com\/carrizal\/wp-content\/uploads\/sites\/2\/2014\/05\/39.jpg\" rel=\"lightbox[1081]\"><img loading=\"lazy\" decoding=\"async\" class=\"alignleft size-full wp-image-1082\" alt=\"39\" src=\"http:\/\/www.cclacascada.com\/carrizal\/wp-content\/uploads\/sites\/2\/2014\/05\/39.jpg\" width=\"300\" height=\"225\" srcset=\"https:\/\/www.cclacascada.com\/carrizal\/wp-content\/uploads\/sites\/2\/2014\/05\/39.jpg 300w, https:\/\/www.cclacascada.com\/carrizal\/wp-content\/uploads\/sites\/2\/2014\/05\/39-160x120.jpg 160w\" sizes=\"auto, (max-width: 300px) 100vw, 300px\" \/><\/a><\/p>\n<p>&nbsp;<\/p>\n<p>&nbsp;<\/p>\n<p>&nbsp;<\/p>\n<p>&nbsp;<\/p>\n<p>&nbsp;<\/p>\n<p>&nbsp;<\/p>\n<p>&nbsp;<\/p>\n<p>&nbsp;<\/p>\n<p>Publicado por:\u00a0<a href=\"http:\/\/www.cclider.com\/\">www.cclider.com<\/a><\/p>\n<p>&nbsp;<\/p>\n","protected":false},"excerpt":{"rendered":"<p>El ministro para la Vivienda y H\u00e1bitat, Ricardo Molina, entreg\u00f3 al presidente de la Rep\u00fablica, Nicol\u00e1s Maduro, la propuesta de Ley de Arrendamiento de Locales Comerciales, a la espera de ser aprobada por el jefe de Estado para ser promulgada por medio de Ley Habilitante. \u201cHemos llegado a un acuerdo con los sectores de centros comerciales, una Ley Justa para el Regulaci\u00f3n y Control del Arrendamiento Inmobiliario para el uso comercial de Servicio y Afines\u201d, resalt\u00f3 el mandatario, citado por la Agencia Venezolana de Noticias (AVN). La semana pasada el Gobierno, los propietarios de centros comerciales y los comercios que alquilan locales trabajan en tres opciones que, seg\u00fan dijo el ministro Molina estar\u00e1n discuti\u00e9ndose para muy pronto dar soluci\u00f3n al problema que se ha [&hellip;]<\/p>\n","protected":false},"author":3,"featured_media":1083,"comment_status":"open","ping_status":"open","sticky":false,"template":"","format":"standard","meta":{"footnotes":""},"categories":[3],"tags":[67,149,146,148,147,150],"class_list":["post-1081","post","type-post","status-publish","format-standard","has-post-thumbnail","hentry","category-noticias","tag-cascada","tag-gobierno","tag-ley-de-arrendamientos","tag-leyes","tag-locales","tag-soscentroscomerciales"],"_links":{"self":[{"href":"https:\/\/www.cclacascada.com\/carrizal\/wp-json\/wp\/v2\/posts\/1081","targetHints":{"allow":["GET"]}}],"collection":[{"href":"https:\/\/www.cclacascada.com\/carrizal\/wp-json\/wp\/v2\/posts"}],"about":[{"href":"https:\/\/www.cclacascada.com\/carrizal\/wp-json\/wp\/v2\/types\/post"}],"author":[{"embeddable":true,"href":"https:\/\/www.cclacascada.com\/carrizal\/wp-json\/wp\/v2\/users\/3"}],"replies":[{"embeddable":true,"href":"https:\/\/www.cclacascada.com\/carrizal\/wp-json\/wp\/v2\/comments?post=1081"}],"version-history":[{"count":1,"href":"https:\/\/www.cclacascada.com\/carrizal\/wp-json\/wp\/v2\/posts\/1081\/revisions"}],"predecessor-version":[{"id":1084,"href":"https:\/\/www.cclacascada.com\/carrizal\/wp-json\/wp\/v2\/posts\/1081\/revisions\/1084"}],"wp:featuredmedia":[{"embeddable":true,"href":"https:\/\/www.cclacascada.com\/carrizal\/wp-json\/wp\/v2\/media\/1083"}],"wp:attachment":[{"href":"https:\/\/www.cclacascada.com\/carrizal\/wp-json\/wp\/v2\/media?parent=1081"}],"wp:term":[{"taxonomy":"category","embeddable":true,"href":"https:\/\/www.cclacascada.com\/carrizal\/wp-json\/wp\/v2\/categories?post=1081"},{"taxonomy":"post_tag","embeddable":true,"href":"https:\/\/www.cclacascada.com\/carrizal\/wp-json\/wp\/v2\/tags?post=1081"}],"curies":[{"name":"wp","href":"https:\/\/api.w.org\/{rel}","templated":true}]}}