{"id":1074,"date":"2014-05-02T13:18:48","date_gmt":"2014-05-02T17:48:48","guid":{"rendered":"http:\/\/www.cclacascada.com\/carrizal\/?p=1074"},"modified":"2014-05-02T13:18:48","modified_gmt":"2014-05-02T17:48:48","slug":"estreno-rio-2-en-tu-super-cine-favorito","status":"publish","type":"post","link":"https:\/\/www.cclacascada.com\/carrizal\/estreno-rio-2-en-tu-super-cine-favorito\/","title":{"rendered":"Estreno Rio 2 en tu super cine favorito."},"content":{"rendered":"<p>Hoy comienza el fin de semana y si no tienes planes aun te tenemos el plan perfecto hoy se estrena la secuela de la pel\u00edcula \\\u00bbR\u00edo\\\u00bb (2010) dirigida por Carlos Saldanha, encargado tambi\u00e9n de esta segunda parte. \u00a0Blu, Perla y sus peque\u00f1os disfrutan de una vida c\u00f3moda, alegre y perfecta en la ciudad de R\u00edo de Janeiro, Brasil. Pero Perla tiene muy claro que sus hijos deben aprender a vivir como los p\u00e1jaros libres y salvajes que son, y para ello est\u00e1 convencida de que lo mejor es trasladarse al Amazonas. Una vez all\u00ed, Blu tendr\u00e1 que enfrentarse a sus nuevos vecinos y a la idea terrible de perder a Perla y a sus hijos porque decidan vivir en la naturaleza salvaje para siempre. Para m\u00e1s informaci\u00f3n de los horarios y costo de la entrada de tu cine favorito, \u00a0te invitamos a que visites el sitio\u00a0<a href=\"http:\/\/www.supercines.com.ve\/\">www.supercines.com.ve<\/a>\u00a0.<\/p>\n<p><a href=\"http:\/\/www.cclacascada.com\/carrizal\/wp-content\/uploads\/sites\/2\/2014\/05\/10341854_641453592596568_1957394276868007933_n.jpg\" rel=\"lightbox[1074]\"><img loading=\"lazy\" decoding=\"async\" class=\"alignleft  wp-image-1075\" alt=\"10341854_641453592596568_1957394276868007933_n\" src=\"http:\/\/www.cclacascada.com\/carrizal\/wp-content\/uploads\/sites\/2\/2014\/05\/10341854_641453592596568_1957394276868007933_n.jpg\" width=\"300\" height=\"225\" \/><\/a><\/p>\n","protected":false},"excerpt":{"rendered":"<p>Hoy comienza el fin de semana y si no tienes planes aun te tenemos el plan perfecto hoy se estrena la secuela de la pel\u00edcula \\\u00bbR\u00edo\\\u00bb (2010) dirigida por Carlos Saldanha, encargado tambi\u00e9n de esta segunda parte. \u00a0Blu, Perla y sus peque\u00f1os disfrutan de una vida c\u00f3moda, alegre y perfecta en la ciudad de R\u00edo de Janeiro, Brasil. Pero Perla tiene muy claro que sus hijos deben aprender a vivir como los p\u00e1jaros libres y salvajes que son, y para ello est\u00e1 convencida de que lo mejor es trasladarse al Amazonas. Una vez all\u00ed, Blu tendr\u00e1 que enfrentarse a sus nuevos vecinos y a la idea terrible de perder a Perla y a sus hijos porque decidan vivir en la naturaleza salvaje para siempre. [&hellip;]<\/p>\n","protected":false},"author":3,"featured_media":1076,"comment_status":"open","ping_status":"open","sticky":false,"template":"","format":"standard","meta":{"footnotes":""},"categories":[3],"tags":[],"class_list":["post-1074","post","type-post","status-publish","format-standard","has-post-thumbnail","hentry","category-noticias"],"_links":{"self":[{"href":"https:\/\/www.cclacascada.com\/carrizal\/wp-json\/wp\/v2\/posts\/1074","targetHints":{"allow":["GET"]}}],"collection":[{"href":"https:\/\/www.cclacascada.com\/carrizal\/wp-json\/wp\/v2\/posts"}],"about":[{"href":"https:\/\/www.cclacascada.com\/carrizal\/wp-json\/wp\/v2\/types\/post"}],"author":[{"embeddable":true,"href":"https:\/\/www.cclacascada.com\/carrizal\/wp-json\/wp\/v2\/users\/3"}],"replies":[{"embeddable":true,"href":"https:\/\/www.cclacascada.com\/carrizal\/wp-json\/wp\/v2\/comments?post=1074"}],"version-history":[{"count":1,"href":"https:\/\/www.cclacascada.com\/carrizal\/wp-json\/wp\/v2\/posts\/1074\/revisions"}],"predecessor-version":[{"id":1077,"href":"https:\/\/www.cclacascada.com\/carrizal\/wp-json\/wp\/v2\/posts\/1074\/revisions\/1077"}],"wp:featuredmedia":[{"embeddable":true,"href":"https:\/\/www.cclacascada.com\/carrizal\/wp-json\/wp\/v2\/media\/1076"}],"wp:attachment":[{"href":"https:\/\/www.cclacascada.com\/carrizal\/wp-json\/wp\/v2\/media?parent=1074"}],"wp:term":[{"taxonomy":"category","embeddable":true,"href":"https:\/\/www.cclacascada.com\/carrizal\/wp-json\/wp\/v2\/categories?post=1074"},{"taxonomy":"post_tag","embeddable":true,"href":"https:\/\/www.cclacascada.com\/carrizal\/wp-json\/wp\/v2\/tags?post=1074"}],"curies":[{"name":"wp","href":"https:\/\/api.w.org\/{rel}","templated":true}]}}