{"id":1058,"date":"2014-04-28T16:24:49","date_gmt":"2014-04-28T20:54:49","guid":{"rendered":"http:\/\/www.cclacascada.com\/carrizal\/?p=1058"},"modified":"2014-04-28T16:59:29","modified_gmt":"2014-04-28T21:29:29","slug":"los-pro-y-contra-de-usar-minifalda","status":"publish","type":"post","link":"https:\/\/www.cclacascada.com\/carrizal\/los-pro-y-contra-de-usar-minifalda\/","title":{"rendered":"Los Pro y Contra de usar minifalda"},"content":{"rendered":"<p>Ya se acerca el d\u00eda de las Madres, as\u00ed que estaremos dejado tips sobre lo que mas le gusta, para que le hagas ese regalo ideal para el aqu\u00ed un post de los beneficios de las faldas ideal para aquellas mama atrevidas. Las minifaldas son una de las\u00a0prendas m\u00e1s sensuales\u00a0que existen, sin embargo, no son para cualquiera. Si est\u00e1s interesada en usarlas de forma correcta para que una minifalda te quede bien y no hacer el rid\u00edculo, mira estos consejos:<\/p>\n<p><strong>Pro: An\u00edmate a la variedad y el color<\/strong> Las minifaldas ajustadas y negras ya pasaron de moda. Es momento de cambiar y animarte a usar colores, telas y cortes diferentes, como las\u00a0minifaldas con volados.<\/p>\n<p><strong>Contra: Que sea demasiado peque\u00f1a<\/strong> Una minifalda debe dejar que te muevas sin que se vea algo que debe estar oculto. \u00a0Aunque te guste mostrar tus atributos, una minifalda te quedar\u00e1 bien si puedes moverte con libertad, caminar y sentarte tranquilamente y con comodidad.<\/p>\n<p><strong>Pro: \u00dasalas con tacones<\/strong> No hay nada m\u00e1s lindo y halagador que una minifalda y unos\u00a0tacones. As\u00ed, tus piernas se ver\u00e1n estilizadas y parecer\u00e1s m\u00e1s delgada y alta.<\/p>\n<p><strong>Contra: U<\/strong><strong>sarla si est\u00e1s muy excedida de peso<\/strong> Las faldas son correctas para todas las mujeres, flaquitas y gorditas pueden beneficiarse con una linda falda, pero generalmente no quedan bien si son muy cortas o minifaldas. Una falda media es la mejor opci\u00f3n y le sentar\u00e1 mucho mejor.<\/p>\n<p><strong>Pro: \u00dasalas\u00a0<\/strong><strong>con una chaqueta<\/strong> Una linda minifalda lisa o con motivo floral queda muy bien con un\u00a0blazer\u00a0o una chaqueta, una tendencia imprevista a\u00f1os atr\u00e1s pero que hoy es furor.<\/p>\n<p><strong>Contra: Usar una minifalda inadecuada para tu edad<\/strong> Hay minis para todos los gustos y edades, pero por favor, nunca uses una que sea demasiado juvenil si ya eres algo crecida pues te ver\u00e1s inapropiada<\/p>\n<p>.\u00a0<img loading=\"lazy\" decoding=\"async\" class=\"wp-image-1059 alignnone\" alt=\"252carlotta_oddi_street_style_print_skirt_2013_copiamos_el_look\" src=\"http:\/\/www.cclacascada.com\/carrizal\/wp-content\/uploads\/sites\/2\/2014\/04\/252carlotta_oddi_street_style_print_skirt_2013_copiamos_el_look.jpg\" width=\"300\" height=\"225\" srcset=\"https:\/\/www.cclacascada.com\/carrizal\/wp-content\/uploads\/sites\/2\/2014\/04\/252carlotta_oddi_street_style_print_skirt_2013_copiamos_el_look.jpg 650w, https:\/\/www.cclacascada.com\/carrizal\/wp-content\/uploads\/sites\/2\/2014\/04\/252carlotta_oddi_street_style_print_skirt_2013_copiamos_el_look-300x224.jpg 300w, https:\/\/www.cclacascada.com\/carrizal\/wp-content\/uploads\/sites\/2\/2014\/04\/252carlotta_oddi_street_style_print_skirt_2013_copiamos_el_look-160x120.jpg 160w\" sizes=\"auto, (max-width: 300px) 100vw, 300px\" \/><\/p>\n<p>Publicado por:<a href=\"http:\/\/erikatipoweb.com\/\">\u00a0<\/a><a href=\"http:\/\/erikatipoweb.com\/\">http: erikatipoweb.com<\/a><\/p>\n","protected":false},"excerpt":{"rendered":"<p>Ya se acerca el d\u00eda de las Madres, as\u00ed que estaremos dejado tips sobre lo que mas le gusta, para que le hagas ese regalo ideal para el aqu\u00ed un post de los beneficios de las faldas ideal para aquellas mama atrevidas. Las minifaldas son una de las\u00a0prendas m\u00e1s sensuales\u00a0que existen, sin embargo, no son para cualquiera. Si est\u00e1s interesada en usarlas de forma correcta para que una minifalda te quede bien y no hacer el rid\u00edculo, mira estos consejos: Pro: An\u00edmate a la variedad y el color Las minifaldas ajustadas y negras ya pasaron de moda. Es momento de cambiar y animarte a usar colores, telas y cortes diferentes, como las\u00a0minifaldas con volados. Contra: Que sea demasiado peque\u00f1a Una minifalda debe dejar que [&hellip;]<\/p>\n","protected":false},"author":3,"featured_media":1060,"comment_status":"open","ping_status":"open","sticky":false,"template":"","format":"standard","meta":{"footnotes":""},"categories":[3],"tags":[139,67,138,89,140,92],"class_list":["post-1058","post","type-post","status-publish","format-standard","has-post-thumbnail","hentry","category-noticias","tag-atrevida","tag-cascada","tag-mama","tag-ropa","tag-tendencias","tag-tiendas"],"_links":{"self":[{"href":"https:\/\/www.cclacascada.com\/carrizal\/wp-json\/wp\/v2\/posts\/1058","targetHints":{"allow":["GET"]}}],"collection":[{"href":"https:\/\/www.cclacascada.com\/carrizal\/wp-json\/wp\/v2\/posts"}],"about":[{"href":"https:\/\/www.cclacascada.com\/carrizal\/wp-json\/wp\/v2\/types\/post"}],"author":[{"embeddable":true,"href":"https:\/\/www.cclacascada.com\/carrizal\/wp-json\/wp\/v2\/users\/3"}],"replies":[{"embeddable":true,"href":"https:\/\/www.cclacascada.com\/carrizal\/wp-json\/wp\/v2\/comments?post=1058"}],"version-history":[{"count":4,"href":"https:\/\/www.cclacascada.com\/carrizal\/wp-json\/wp\/v2\/posts\/1058\/revisions"}],"predecessor-version":[{"id":1064,"href":"https:\/\/www.cclacascada.com\/carrizal\/wp-json\/wp\/v2\/posts\/1058\/revisions\/1064"}],"wp:featuredmedia":[{"embeddable":true,"href":"https:\/\/www.cclacascada.com\/carrizal\/wp-json\/wp\/v2\/media\/1060"}],"wp:attachment":[{"href":"https:\/\/www.cclacascada.com\/carrizal\/wp-json\/wp\/v2\/media?parent=1058"}],"wp:term":[{"taxonomy":"category","embeddable":true,"href":"https:\/\/www.cclacascada.com\/carrizal\/wp-json\/wp\/v2\/categories?post=1058"},{"taxonomy":"post_tag","embeddable":true,"href":"https:\/\/www.cclacascada.com\/carrizal\/wp-json\/wp\/v2\/tags?post=1058"}],"curies":[{"name":"wp","href":"https:\/\/api.w.org\/{rel}","templated":true}]}}