{"id":1052,"date":"2014-04-23T14:26:52","date_gmt":"2014-04-23T18:56:52","guid":{"rendered":"http:\/\/www.cclacascada.com\/carrizal\/?p=1052"},"modified":"2014-04-23T14:26:52","modified_gmt":"2014-04-23T18:56:52","slug":"ricky-martin-estrena-vida-cancion-para-el-mundial-2014-disfrutalo","status":"publish","type":"post","link":"https:\/\/www.cclacascada.com\/carrizal\/ricky-martin-estrena-vida-cancion-para-el-mundial-2014-disfrutalo\/","title":{"rendered":"Ricky Mart\u00edn estrena \u201cVida\u201d canci\u00f3n para el mundial 2014 \u00a1Disfr\u00fatalo!"},"content":{"rendered":"<p>Y para celebrar que ya estamos a mitad de la semana te dejamos el nuevo v\u00eddeo musical de Ricky Martin, finalmente\u00a0<strong>lleg\u00f3 el esperado estreno del\u00a0v\u00eddeo\u00a0de \u201cVida\u201d, la canci\u00f3n del cantante Elijah King\u00a0<\/strong>ganadora del concurso en el que el astro boricua\u00a0<a href=\"http:\/\/elvenezolanonews.com\/ricky-martin-derrocha-sensualidad-color-y-alegria-en-vida-el-video-de-la-copa-del-mundo\/\" target=\"_blank\">Ricky Martin<\/a>, invit\u00f3 a participar a un grupo de compositores en todo el mundo, con el fin de que formaran parte del listado de canciones oficiales del copa del mundo Brasil 2014.<\/p>\n<p>El v\u00eddeo fue grabado durante tres d\u00edas en las paradis\u00edacas playas de<strong>\u00a0R\u00edo de Janeiro en Brasil, bajo la direcci\u00f3n de K\u00e1tia Lund,\u00a0<\/strong>sin duda esta v\u00eddeo ser\u00e1 de los mas visitados en las redes sociales. \u00a1Que lo disfruten!<\/p>\n<p><iframe loading=\"lazy\" title=\"Ricky Martin - Vida (Official)\" width=\"500\" height=\"281\" src=\"https:\/\/www.youtube.com\/embed\/a3I7wBck0e4?feature=oembed\" frameborder=\"0\" allow=\"accelerometer; autoplay; clipboard-write; encrypted-media; gyroscope; picture-in-picture; web-share\" referrerpolicy=\"strict-origin-when-cross-origin\" allowfullscreen><\/iframe><\/p>\n<p>Publicado por:\u00a0<a href=\"http:\/\/elvenezolanonews.com\/\">http:\/\/elvenezolanonews.com\/<\/a><\/p>\n","protected":false},"excerpt":{"rendered":"<p>Y para celebrar que ya estamos a mitad de la semana te dejamos el nuevo v\u00eddeo musical de Ricky Martin, finalmente\u00a0lleg\u00f3 el esperado estreno del\u00a0v\u00eddeo\u00a0de \u201cVida\u201d, la canci\u00f3n del cantante Elijah King\u00a0ganadora del concurso en el que el astro boricua\u00a0Ricky Martin, invit\u00f3 a participar a un grupo de compositores en todo el mundo, con el fin de que formaran parte del listado de canciones oficiales del copa del mundo Brasil 2014. El v\u00eddeo fue grabado durante tres d\u00edas en las paradis\u00edacas playas de\u00a0R\u00edo de Janeiro en Brasil, bajo la direcci\u00f3n de K\u00e1tia Lund,\u00a0sin duda esta v\u00eddeo ser\u00e1 de los mas visitados en las redes sociales. \u00a1Que lo disfruten! Publicado por:\u00a0http:\/\/elvenezolanonews.com\/<\/p>\n","protected":false},"author":3,"featured_media":1053,"comment_status":"open","ping_status":"open","sticky":false,"template":"","format":"standard","meta":{"footnotes":""},"categories":[3],"tags":[135,134,137,136,133],"class_list":["post-1052","post","type-post","status-publish","format-standard","has-post-thumbnail","hentry","category-noticias","tag-miercoles","tag-mundial","tag-ricky-martin","tag-semana","tag-video-musical"],"_links":{"self":[{"href":"https:\/\/www.cclacascada.com\/carrizal\/wp-json\/wp\/v2\/posts\/1052","targetHints":{"allow":["GET"]}}],"collection":[{"href":"https:\/\/www.cclacascada.com\/carrizal\/wp-json\/wp\/v2\/posts"}],"about":[{"href":"https:\/\/www.cclacascada.com\/carrizal\/wp-json\/wp\/v2\/types\/post"}],"author":[{"embeddable":true,"href":"https:\/\/www.cclacascada.com\/carrizal\/wp-json\/wp\/v2\/users\/3"}],"replies":[{"embeddable":true,"href":"https:\/\/www.cclacascada.com\/carrizal\/wp-json\/wp\/v2\/comments?post=1052"}],"version-history":[{"count":1,"href":"https:\/\/www.cclacascada.com\/carrizal\/wp-json\/wp\/v2\/posts\/1052\/revisions"}],"predecessor-version":[{"id":1054,"href":"https:\/\/www.cclacascada.com\/carrizal\/wp-json\/wp\/v2\/posts\/1052\/revisions\/1054"}],"wp:featuredmedia":[{"embeddable":true,"href":"https:\/\/www.cclacascada.com\/carrizal\/wp-json\/wp\/v2\/media\/1053"}],"wp:attachment":[{"href":"https:\/\/www.cclacascada.com\/carrizal\/wp-json\/wp\/v2\/media?parent=1052"}],"wp:term":[{"taxonomy":"category","embeddable":true,"href":"https:\/\/www.cclacascada.com\/carrizal\/wp-json\/wp\/v2\/categories?post=1052"},{"taxonomy":"post_tag","embeddable":true,"href":"https:\/\/www.cclacascada.com\/carrizal\/wp-json\/wp\/v2\/tags?post=1052"}],"curies":[{"name":"wp","href":"https:\/\/api.w.org\/{rel}","templated":true}]}}