{"id":1030,"date":"2014-04-16T10:37:02","date_gmt":"2014-04-16T15:07:02","guid":{"rendered":"http:\/\/www.cclacascada.com\/carrizal\/?p=1030"},"modified":"2014-04-16T10:37:02","modified_gmt":"2014-04-16T15:07:02","slug":"que-se-conmemora-el-jueves-y-viernes-santo","status":"publish","type":"post","link":"https:\/\/www.cclacascada.com\/carrizal\/que-se-conmemora-el-jueves-y-viernes-santo\/","title":{"rendered":"\u00bfQu\u00e9 se conmemora el Jueves y Viernes Santo?"},"content":{"rendered":"<p>Semana Santa un fecha importante en la vida de todos cat\u00f3lico donde se recuerda la vida de Jes\u00fas, recordemos que \u00bfQue se conmemora el Jueves y Viernes Santo?<\/p>\n<p>Aunque cada d\u00eda de la Semana Santa tiene un significado muy especial, el jueves y el viernes son d\u00edas de guardar o de precepto seg\u00fan la Iglesia cat\u00f3lica, es decir, en los que no se trabaja y es obligatorio escuchar misa. El Jueves Santo se celebra la instituci\u00f3n de la Sagrada Eucarist\u00eda como memorial de la Pasi\u00f3n del Se\u00f1or, la instituci\u00f3n del sacerdocio cat\u00f3lico y el mandato de caridad fraterna. En esta fecha los sacerdotes acostumbran, en un acto de humildad, lavar los pies de doce religiosos en recuerdo de lo que hizo Jes\u00fas con los ap\u00f3stoles; luego celebran misa repitiendo las palabras del Salvador con lo cual recuerdan la \u00daltima Cena. En algunas iglesias, la gente hace la Visita de las Siete Casas para recordar la ruta que sigui\u00f3 el Redentor: el Huerto de los Olivos, la Casa de An\u00e1s, la casa de Caif\u00e1s, el Pretorio de Pilato, la casa de Herodes, otra vez con Pilato y, finalmente, el Calvario.<\/p>\n<p>El Viernes Santo se conmemora la Pasi\u00f3n y Muerte del Se\u00f1or con misas solemnes y la llamada Procesi\u00f3n del Santo Entierro. En algunos lugares se acostumbra representar el V\u00eda Crucis y la Crucifixi\u00f3n, en ocasiones de manera muy dram\u00e1tica. Tambi\u00e9n tienen lugar ese d\u00eda la reflexi\u00f3n de las Siete Palabras, la Procesi\u00f3n del Silencio y el P\u00e9same a la Virgen, como muestras de religiosidad popular.<\/p>\n<p>Publicado por:\u00a0<a href=\"http:\/\/mx.selecciones.com\/contenido\/a2588_por-que-jueves-santo-y-viernes-santo-son-dias-de-guardar\">http:\/\/mx.selecciones.com\/contenido\/a2588_por-que-jueves-santo-y-viernes-santo-son-dias-de-guardar<\/a><\/p>\n","protected":false},"excerpt":{"rendered":"<p>Semana Santa un fecha importante en la vida de todos cat\u00f3lico donde se recuerda la vida de Jes\u00fas, recordemos que \u00bfQue se conmemora el Jueves y Viernes Santo? Aunque cada d\u00eda de la Semana Santa tiene un significado muy especial, el jueves y el viernes son d\u00edas de guardar o de precepto seg\u00fan la Iglesia cat\u00f3lica, es decir, en los que no se trabaja y es obligatorio escuchar misa. El Jueves Santo se celebra la instituci\u00f3n de la Sagrada Eucarist\u00eda como memorial de la Pasi\u00f3n del Se\u00f1or, la instituci\u00f3n del sacerdocio cat\u00f3lico y el mandato de caridad fraterna. En esta fecha los sacerdotes acostumbran, en un acto de humildad, lavar los pies de doce religiosos en recuerdo de lo que hizo Jes\u00fas con los [&hellip;]<\/p>\n","protected":false},"author":3,"featured_media":1031,"comment_status":"open","ping_status":"open","sticky":false,"template":"","format":"standard","meta":{"footnotes":""},"categories":[3],"tags":[122,121,120,115],"class_list":["post-1030","post","type-post","status-publish","format-standard","has-post-thumbnail","hentry","category-noticias","tag-catolicos","tag-fiesta","tag-jueves-y-vienes-santo","tag-semana-santa"],"_links":{"self":[{"href":"https:\/\/www.cclacascada.com\/carrizal\/wp-json\/wp\/v2\/posts\/1030","targetHints":{"allow":["GET"]}}],"collection":[{"href":"https:\/\/www.cclacascada.com\/carrizal\/wp-json\/wp\/v2\/posts"}],"about":[{"href":"https:\/\/www.cclacascada.com\/carrizal\/wp-json\/wp\/v2\/types\/post"}],"author":[{"embeddable":true,"href":"https:\/\/www.cclacascada.com\/carrizal\/wp-json\/wp\/v2\/users\/3"}],"replies":[{"embeddable":true,"href":"https:\/\/www.cclacascada.com\/carrizal\/wp-json\/wp\/v2\/comments?post=1030"}],"version-history":[{"count":1,"href":"https:\/\/www.cclacascada.com\/carrizal\/wp-json\/wp\/v2\/posts\/1030\/revisions"}],"predecessor-version":[{"id":1032,"href":"https:\/\/www.cclacascada.com\/carrizal\/wp-json\/wp\/v2\/posts\/1030\/revisions\/1032"}],"wp:featuredmedia":[{"embeddable":true,"href":"https:\/\/www.cclacascada.com\/carrizal\/wp-json\/wp\/v2\/media\/1031"}],"wp:attachment":[{"href":"https:\/\/www.cclacascada.com\/carrizal\/wp-json\/wp\/v2\/media?parent=1030"}],"wp:term":[{"taxonomy":"category","embeddable":true,"href":"https:\/\/www.cclacascada.com\/carrizal\/wp-json\/wp\/v2\/categories?post=1030"},{"taxonomy":"post_tag","embeddable":true,"href":"https:\/\/www.cclacascada.com\/carrizal\/wp-json\/wp\/v2\/tags?post=1030"}],"curies":[{"name":"wp","href":"https:\/\/api.w.org\/{rel}","templated":true}]}}